{"id":70505,"date":"2025-09-14T01:40:15","date_gmt":"2025-09-14T01:40:15","guid":{"rendered":"https:\/\/www.europesays.com\/pt\/70505\/"},"modified":"2025-09-14T01:40:15","modified_gmt":"2025-09-14T01:40:15","slug":"cientistas-identificam-nova-especie-de-peixe-caracol","status":"publish","type":"post","link":"https:\/\/www.europesays.com\/pt\/70505\/","title":{"rendered":"Cientistas identificam nova esp\u00e9cie de peixe-caracol"},"content":{"rendered":"<p>Uma esp\u00e9cie peculiar de peixe-caracol, caracterizado por sua apar\u00eancia irregular, corpo rosa e olhos azuis, foi registrada em filmagens realizadas a mais de 3.300 metros de profundidade no C\u00e2nion de Monterey, na costa da <a href=\"https:\/\/aventurasnahistoria.com.br\/noticias\/historia-hoje\/carne-azul-neon-em-javaporcos-gera-alerta-na-california.phtml\" target=\"_blank\" rel=\"noopener nofollow\">Calif\u00f3rnia<\/a>.<\/p>\n<p>O registro foi feito por uma equipe de pesquisadores do Instituto de Pesquisa do Aqu\u00e1rio da Ba\u00eda de Monterey (MBARI), que identificou este peixe como um dos tr\u00eas novos tipos de peixes-caracol que habitam as escuras e pressionadas profundezas oce\u00e2nicas.<\/p>\n<p>Os <a href=\"https:\/\/aventurasnahistoria.com.br\/noticias\/historia-hoje\/7-mil-metros-de-profundidade-nova-especie-de-peixe-caracol-e-revelada.phtml\" target=\"_blank\" rel=\"noopener nofollow\">peixes-caracol<\/a> s\u00e3o considerados extraordin\u00e1rios mesmo para os padr\u00f5es das profundezas marinhas. Algumas dessas esp\u00e9cies possuem um mecanismo semelhante a uma ventosa em seu abd\u00f4men, o que lhes permite se fixar em rochas ou at\u00e9 se agarrar a outros animais. Com mais de 400 esp\u00e9cies conhecidas, esses peixes ocupam uma vasta gama de ecossistemas, desde po\u00e7as rasas at\u00e9 as trincheiras mais profundas do planeta.<\/p>\n<p>A l\u00edder da equipe, <strong>Mackenzie Gerringer<\/strong>, professora associada de biologia na Universidade Estadual de <a href=\"https:\/\/aventurasnahistoria.com.br\/noticias\/historia-hoje\/anna-sorokin-esta-sendo-acusada-maltratar-3-coelhos-em-nova-york.phtml\" target=\"_blank\" rel=\"noopener nofollow\">Nova York<\/a> em Geneseo, destacou que \u201cal\u00e9m de serem uma parte importante do ecossistema, os peixes-caracol nos oferecem uma oportunidade \u00fanica para estudar a evolu\u00e7\u00e3o no ambiente profundo dentro de uma mesma fam\u00edlia\u201d. Ela acrescentou: \u201cAo comparar os peixes-caracol que vivem em \u00e1guas rasas com seus parentes que habitam as profundezas, podemos entender melhor quais adapta\u00e7\u00f5es s\u00e3o necess\u00e1rias para a vida no fundo do mar\u201d.<\/p>\n<p> Descobertas <\/p>\n<p>Segundo o \u2018Live Science\u2019, a nova esp\u00e9cie de peixe-caracol rosa e \u201cirregular\u201d (Careproctus colliculi) foi descoberta em 2019 durante a explora\u00e7\u00e3o do C\u00e2nion de Monterey por meio de um ve\u00edculo operado remotamente.<\/p>\n<p>No mesmo ano, mergulhos realizados com o submers\u00edvel tripulado Alvin resultaram na identifica\u00e7\u00e3o de duas outras novas esp\u00e9cies: o \u201cpeixe-caracol escuro\u201d (Careproctus yanceyi), de colora\u00e7\u00e3o negra intensa, e o \u201cpeixe-caracol esguio\u201d (Paraliparis em), uma esp\u00e9cie mais delgada e sem ventosas.<\/p>\n<p><strong>Gerringer<\/strong> comentou sobre as dificuldades envolvidas na diferencia\u00e7\u00e3o entre as esp\u00e9cies: \u201cDistinguir os peixes-borboleta \u00e9 um verdadeiro desafio. Estamos analisando cuidadosamente v\u00e1rias caracter\u00edsticas, como o n\u00famero de v\u00e9rtebras e raios das nadadeiras, as posi\u00e7\u00f5es dos poros sensoriais e a forma e tamanho da ventosa especializada que algumas esp\u00e9cies utilizam para se fixar \u00e0s rochas\u201d.<\/p>\n<p>A equipe coletou medi\u00e7\u00f5es e analisou diversas caracter\u00edsticas juntamente com informa\u00e7\u00f5es gen\u00e9ticas para comparar os novos esp\u00e9cimes com todas as outras esp\u00e9cies conhecidas, a fim de encontrar correspond\u00eancias. <strong>Gerringer<\/strong> enfatizou: \u201cCom cada nova evid\u00eancia que surgia, tornava-se evidente que esses tr\u00eas peixes eram esp\u00e9cies ainda n\u00e3o descritas, n\u00e3o conhecidas pela ci\u00eancia anteriormente\u201d.<\/p>\n<p>Os resultados da pesquisa foram publicados na revista <a href=\"https:\/\/bioone.org\/journals\/ichthyology-and-herpetology\/volume-113\/issue-3\/i2024069\/Descriptions-of-Three-Newly-Discovered-Abyssal-Snailfishes-Liparidae-from-the\/10.1643\/i2024069.full\" target=\"_blank\" rel=\"noopener nofollow\">Ichthyology and Herpetology<\/a>. As descobertas n\u00e3o apenas indicam que os peixes-caracol est\u00e3o prosperando nessas profundidades extremas, mas tamb\u00e9m ressaltam a exist\u00eancia de uma biodiversidade ainda maior por ser explorada nesse ambiente.<\/p>\n<p><strong>Gerringer<\/strong> concluiu: \u201cAcessar os oceanos profundos \u00e9, por si s\u00f3, o maior desafio desta pesquisa e exige colabora\u00e7\u00e3o entre engenheiros, cientistas e equipes de embarca\u00e7\u00f5es. Leva muitas pessoas para descobrir uma nova esp\u00e9cie do fundo do mar, cada uma contribuindo com sua especializa\u00e7\u00e3o para alcan\u00e7ar um objetivo comum\u201d.<\/p>\n","protected":false},"excerpt":{"rendered":"Uma esp\u00e9cie peculiar de peixe-caracol, caracterizado por sua apar\u00eancia irregular, corpo rosa e olhos azuis, foi registrada em&hellip;\n","protected":false},"author":2,"featured_media":70506,"comment_status":"","ping_status":"","sticky":false,"template":"","format":"standard","meta":{"footnotes":""},"categories":[50],"tags":[1353,4614,27,28,2001,9437,15,16,14,25,26,21,22,62,12,13,19,20,18885,23,24,17,18,29,30,31,63,64,65],"class_list":{"0":"post-70505","1":"post","2":"type-post","3":"status-publish","4":"format-standard","5":"has-post-thumbnail","7":"category-mundo","8":"tag-animais","9":"tag-biologia","10":"tag-breaking-news","11":"tag-breakingnews","12":"tag-descoberta","13":"tag-especies","14":"tag-featured-news","15":"tag-featurednews","16":"tag-headlines","17":"tag-latest-news","18":"tag-latestnews","19":"tag-main-news","20":"tag-mainnews","21":"tag-mundo","22":"tag-news","23":"tag-noticias","24":"tag-noticias-principais","25":"tag-noticiasprincipais","26":"tag-peixe-borboleta","27":"tag-principais-noticias","28":"tag-principaisnoticias","29":"tag-top-stories","30":"tag-topstories","31":"tag-ultimas","32":"tag-ultimas-noticias","33":"tag-ultimasnoticias","34":"tag-world","35":"tag-world-news","36":"tag-worldnews"},"share_on_mastodon":{"url":"","error":""},"_links":{"self":[{"href":"https:\/\/www.europesays.com\/pt\/wp-json\/wp\/v2\/posts\/70505","targetHints":{"allow":["GET"]}}],"collection":[{"href":"https:\/\/www.europesays.com\/pt\/wp-json\/wp\/v2\/posts"}],"about":[{"href":"https:\/\/www.europesays.com\/pt\/wp-json\/wp\/v2\/types\/post"}],"author":[{"embeddable":true,"href":"https:\/\/www.europesays.com\/pt\/wp-json\/wp\/v2\/users\/2"}],"replies":[{"embeddable":true,"href":"https:\/\/www.europesays.com\/pt\/wp-json\/wp\/v2\/comments?post=70505"}],"version-history":[{"count":0,"href":"https:\/\/www.europesays.com\/pt\/wp-json\/wp\/v2\/posts\/70505\/revisions"}],"wp:featuredmedia":[{"embeddable":true,"href":"https:\/\/www.europesays.com\/pt\/wp-json\/wp\/v2\/media\/70506"}],"wp:attachment":[{"href":"https:\/\/www.europesays.com\/pt\/wp-json\/wp\/v2\/media?parent=70505"}],"wp:term":[{"taxonomy":"category","embeddable":true,"href":"https:\/\/www.europesays.com\/pt\/wp-json\/wp\/v2\/categories?post=70505"},{"taxonomy":"post_tag","embeddable":true,"href":"https:\/\/www.europesays.com\/pt\/wp-json\/wp\/v2\/tags?post=70505"}],"curies":[{"name":"wp","href":"https:\/\/api.w.org\/{rel}","templated":true}]}}