{"id":70527,"date":"2025-09-14T02:15:07","date_gmt":"2025-09-14T02:15:07","guid":{"rendered":"https:\/\/www.europesays.com\/pt\/70527\/"},"modified":"2025-09-14T02:15:07","modified_gmt":"2025-09-14T02:15:07","slug":"acidente-de-bruce-willis-em-duro-de-matar-pode-ter-contribuido-para-doenca-do-ator-diz-esposa-diario-do-nordeste","status":"publish","type":"post","link":"https:\/\/www.europesays.com\/pt\/70527\/","title":{"rendered":"Acidente de Bruce Willis em &#039;Duro de Matar&#039; pode ter contribu\u00eddo para doen\u00e7a do ator, diz esposa &#8211; Di\u00e1rio do Nordeste"},"content":{"rendered":"<ol>\n<li><a href=\"https:\/\/news.google.com\/rss\/articles\/CBMi_gFBVV95cUxPM3JlbUx1cUdhNlJyQXBpNmpDNUl2eWpRYTh5Vll5TWQzZFdMa1owdU85d21xYzZTeXE5YlE0c1VLMGJvbE02UFh5YllfYUhadW03b2lWbEc1V1NkdkNrcVY4Sm9aMVczWGd2Y0Z5TWtwdzBPR1lJQlRDZlNEc3BwQ01mTVlQcmtMa3FPa3dIR2VnNXdtR3Q0RjAya09TdEJsNk9lZFphZmhlVkdVdFBucGFBUng5RFdscTAtQWx6cEdWRjJPR21waTNvV3BiZ00zdkdudnIzMXFjME9EVHMwMVBGcU9ZeklDa1RSRWNKWk4tYWc4WmNyS2dRbXRad9IBgwJBVV95cUxQdkFpZjJlZFVydjBKMHJaaWVKZ1FTMDlHWThmdUdFTllCRk5WWjZ1UDZQNTZpZ3llckRIZl84d3U0cElZQ3hUQ2NidVAybHp0X2doNFdGbHVYMHo3LVFnUlJ6WTdTUnBNZE42dl90cHAtV2lXeWV3YWhrUkJVS3loMDFhTUNUdzdOcEVvUm9pSU9WLXVZa1ZBaXpucTVWX3EtSWd3Nk9BbUk3YnVtZGlHVGhFWUo3Si03V0gtVW84SzljYVlsYjBSSGVUcXZCZW9nZGJoZWNJUFpjUHB0WXR4OW5EMGlwOTFOMF9ZUmtQeTd4bnp0RUNoRlhWZG50dlFfdWY0?oc=5\" target=\"_blank\" rel=\"nofollow noopener\">Acidente de Bruce Willis em &#8216;Duro de Matar&#8217; pode ter contribu\u00eddo para doen\u00e7a do ator, diz esposa<\/a>&nbsp;&nbsp;Di\u00e1rio do Nordeste<\/li>\n<li><a href=\"https:\/\/news.google.com\/rss\/articles\/CBMi7AFBVV95cUxNTXJKYWZxTXk5RnRVMk52NXB6NWNjWkFGeEJTY200NmdhUl9TajFvWU9JQ3h1UTQwaDAtN2RWU3pCUVFEcVdIUGI4cFVZM0lCNU9QTTNZSjRoWkNjY1RJTW82MTZLZDhyUG1maWpCWUlWVlZWbGpGWUFsSWV0MEwwLU1GRWdwRFJFeEpLM0tsVnhENU5pUU5mSzVpUi1fa2J5NEM0VkpNTnVjLUhpUDJSVVE4RnFmNHNhTnFQako5VUJpVFRmcG9CQldobkR0MUswbzFxd293VFNfUjRzekJxcmxTUmJydFlpSkhwQ9IB8gFBVV95cUxPZ3p1SkdjSG5abEVlOGZiY3g2UkxwcFNrOVNBdWlyVzZfYnFfa1VqMmhCLS1LVnZWdGZsUGI0dk5BTnRFLXRLUXRiem9kaUZLc2VEcm5OX3hPLWRxOGZ0MHQxZExOWE5XaGRSX3N5dHR6N3FGSnhkWXpHdldjY1V0Tzc0Ri05TWF4M01UZU9sdXR4Z3JHUVlqXzNidWVWd2ZWbWNDVWtDVXhDTjFRcm1TUXU5dDllUkI3d29KWVVlaEpNWTZRd19HRFJTaFRDVjlGM1dfZ0Q5U2tMZnRweEV0bk1XMWFVaVRKdVlMTHhoTU0xdw?oc=5\" target=\"_blank\" rel=\"nofollow noopener\">Esposa de Bruce Willis diz que acidente em &#8216;Duro de Matar&#8217; pode ter colaborado para doen\u00e7a do ator<\/a>&nbsp;&nbsp;UOL<\/li>\n<li><a href=\"https:\/\/news.google.com\/rss\/articles\/CBMi_AFBVV95cUxPRE9JRjU5N3g4UGNBQXJqaTFsWVdublJVVmVJMzdyVXV2dm01SHBFREJYWGRzbngxekl3YjFlTEVZbXBwb2ViQmdfRDFWTXh4OXltc0dzRkNRMXZsN2JMUkhleUFXU2hRUUpDejhkTUU0andXUDF6QXZMSkRYdGROQ3RCUVRkYVZiTDM0WjhUdldya043YzdoVUhYYzlGSjRUQUpHX1JyZWJ3dF9JTjRjQU5TcVZaeERNREpySS0yYkVSTHNWN0x4bHNZMXBpZmNFckVYaXFKX2llR3pFajFQVXl4ZlloQ0VsMzNiLV9IVTNrTXA1ei12azVoVmfSAYsCQVVfeXFMTTNoSW5HSzdqbXRWZUZ3UzJoTERhcU93MllObWctczluQ1h1NEYySHJtTmdYaHFkcEJaaXhHdzFVcW55VWU0amFVZW1oS2llU01ka3JDOVQ1c1Jvc1lQNXNhNkxsdE5VWUFJNFNIUWUwWWFxZF9aLXhGMjZxWGdMeVJlR3F5b3BxT2UwdkZwRkYwNWdNR2J0Y2I5ZjVQU2NvQWVFVkV1cnZ3U09YdGRLVUVjOUdhMkd5bjFlM0htZ2xzME5FcXpQVGdOODFFLWtpN0tQaGRWWDlfYlF6R1lWS2xKUmFCdV85T3hfcVE0UWJ5MmwtUUZXaHI5clplR3M0WVZsVEFlSlBtT2M0?oc=5\" target=\"_blank\" rel=\"nofollow noopener\">Esposa admite que Bruce Willis n\u00e3o consegue mais se comunicar e que ela toma todas as decis\u00f5es por ele<\/a>&nbsp;&nbsp;Globo<\/li>\n<li><a href=\"https:\/\/news.google.com\/rss\/articles\/CBMizAFBVV95cUxNOXAwR25mQTRUbHluU3VZSG1zZkhvazI1bzZmekU1T2todkFpaE5hNF9TcVpmYkNlalhfS0NiQXZSSkktRk1WLURmZ2U2VDNYejRLdTZPM3d1X1EtcG5UbXRlN0xRVVJsY3pNVkJwTkh1ajlwNHJtTDhOempyTlJDd2JLRTdMbDN4WTUwTWVGcGFuX01Fd2xKSlNHSlU5Y1VGR0VNOFhpcnBldzVqRHR4U3lvNW85aGFyTkk2dm45cGRpbWM4U1FHekxxejY?oc=5\" target=\"_blank\" rel=\"nofollow noopener\">Esposa de Bruce Willis conta como diagn\u00f3stico do ator afetou as filhas do casal<\/a>&nbsp;&nbsp;Estrelando<\/li>\n<li><a href=\"https:\/\/news.google.com\/rss\/articles\/CBMipwFBVV95cUxNbDAzUnduYWJWMnBrUVcxaURxYzdENFVaWTZKMDNIeGMzSEhrOVg5TXJITW5NNUp4YUtOOXg3VEs2SGRGdG5MT1lHQk9fT0xuSUZMaURpZm1MMHVvUFlranVOYmZ3QXhfWC1sM1pWMDIxaTFQUS1sbHFLaTRaOFVaV3BMdkZKV1pHdlNNRVhzZlVWLXFtVFRobTdNbEE5T2MxZVN2ZkVTUQ?oc=5\" target=\"_blank\" rel=\"nofollow noopener\">A tocante jornada da esposa de Bruce Willis como cuidadora<\/a>&nbsp;&nbsp;VEJA<\/li>\n<\/ol>\n","protected":false},"excerpt":{"rendered":"Acidente de Bruce Willis em &#8216;Duro de Matar&#8217; pode ter contribu\u00eddo para doen\u00e7a do ator, diz esposa&nbsp;&nbsp;Di\u00e1rio do&hellip;\n","protected":false},"author":2,"featured_media":69594,"comment_status":"","ping_status":"","sticky":false,"template":"","format":"standard","meta":{"footnotes":""},"categories":[145],"tags":[211,210,114,115,32,33],"class_list":{"0":"post-70527","1":"post","2":"type-post","3":"status-publish","4":"format-standard","5":"has-post-thumbnail","7":"category-celebridades","8":"tag-celebridades","9":"tag-celebrities","10":"tag-entertainment","11":"tag-entretenimento","12":"tag-portugal","13":"tag-pt"},"share_on_mastodon":{"url":"","error":""},"_links":{"self":[{"href":"https:\/\/www.europesays.com\/pt\/wp-json\/wp\/v2\/posts\/70527","targetHints":{"allow":["GET"]}}],"collection":[{"href":"https:\/\/www.europesays.com\/pt\/wp-json\/wp\/v2\/posts"}],"about":[{"href":"https:\/\/www.europesays.com\/pt\/wp-json\/wp\/v2\/types\/post"}],"author":[{"embeddable":true,"href":"https:\/\/www.europesays.com\/pt\/wp-json\/wp\/v2\/users\/2"}],"replies":[{"embeddable":true,"href":"https:\/\/www.europesays.com\/pt\/wp-json\/wp\/v2\/comments?post=70527"}],"version-history":[{"count":0,"href":"https:\/\/www.europesays.com\/pt\/wp-json\/wp\/v2\/posts\/70527\/revisions"}],"wp:featuredmedia":[{"embeddable":true,"href":"https:\/\/www.europesays.com\/pt\/wp-json\/wp\/v2\/media\/69594"}],"wp:attachment":[{"href":"https:\/\/www.europesays.com\/pt\/wp-json\/wp\/v2\/media?parent=70527"}],"wp:term":[{"taxonomy":"category","embeddable":true,"href":"https:\/\/www.europesays.com\/pt\/wp-json\/wp\/v2\/categories?post=70527"},{"taxonomy":"post_tag","embeddable":true,"href":"https:\/\/www.europesays.com\/pt\/wp-json\/wp\/v2\/tags?post=70527"}],"curies":[{"name":"wp","href":"https:\/\/api.w.org\/{rel}","templated":true}]}}