{"id":70572,"date":"2025-09-14T03:17:07","date_gmt":"2025-09-14T03:17:07","guid":{"rendered":"https:\/\/www.europesays.com\/pt\/70572\/"},"modified":"2025-09-14T03:17:07","modified_gmt":"2025-09-14T03:17:07","slug":"kefera-exibe-abdomen-apos-treino-na-academia-veja-fotos","status":"publish","type":"post","link":"https:\/\/www.europesays.com\/pt\/70572\/","title":{"rendered":"K\u00e9fera exibe abd\u00f4men ap\u00f3s treino na academia; veja fotos"},"content":{"rendered":"<p class=\"bullet mt-0\" data-v-232111b4=\"\"><a href=\"https:\/\/www.uol.com.br\/splash\/noticias\/2025\/02\/06\/bissexual-kefera-diz-se-gosta-mais-de-se-relacionar-com-homens-ou-mulheres.htm\" rel=\"nofollow noopener\" target=\"_blank\">K\u00e9fera<\/a>, 32, compartilhou novas fotos nas redes sociais exibindo seu f\u00edsico ap\u00f3s treinar.<\/p>\n<p>O que aconteceu<\/p>\n<p class=\"bullet\" data-v-232111b4=\"\"><strong>A influenciadora, que est\u00e1 focada em sua rotina de treinos, posou em frente ao espelho da academia, usando um mini-short preto e camiseta vermelha. <\/strong>&#8220;S\u00e1bado. J\u00e1 treinou a\u00ed hoje?&#8221;, escreveu.<\/p>\n<p class=\"bullet\" data-v-232111b4=\"\"><strong>A artista ainda mostrou um pouco do seu treino<\/strong>. Ela realizou alguns exerc\u00edcios abdominais como prancha e abdominal na barra fixa.<\/p>\n","protected":false},"excerpt":{"rendered":"K\u00e9fera, 32, compartilhou novas fotos nas redes sociais exibindo seu f\u00edsico ap\u00f3s treinar. O que aconteceu A influenciadora,&hellip;\n","protected":false},"author":2,"featured_media":70573,"comment_status":"","ping_status":"","sticky":false,"template":"","format":"standard","meta":{"footnotes":""},"categories":[145],"tags":[211,210,114,115,32,33],"class_list":{"0":"post-70572","1":"post","2":"type-post","3":"status-publish","4":"format-standard","5":"has-post-thumbnail","7":"category-celebridades","8":"tag-celebridades","9":"tag-celebrities","10":"tag-entertainment","11":"tag-entretenimento","12":"tag-portugal","13":"tag-pt"},"share_on_mastodon":{"url":"","error":""},"_links":{"self":[{"href":"https:\/\/www.europesays.com\/pt\/wp-json\/wp\/v2\/posts\/70572","targetHints":{"allow":["GET"]}}],"collection":[{"href":"https:\/\/www.europesays.com\/pt\/wp-json\/wp\/v2\/posts"}],"about":[{"href":"https:\/\/www.europesays.com\/pt\/wp-json\/wp\/v2\/types\/post"}],"author":[{"embeddable":true,"href":"https:\/\/www.europesays.com\/pt\/wp-json\/wp\/v2\/users\/2"}],"replies":[{"embeddable":true,"href":"https:\/\/www.europesays.com\/pt\/wp-json\/wp\/v2\/comments?post=70572"}],"version-history":[{"count":0,"href":"https:\/\/www.europesays.com\/pt\/wp-json\/wp\/v2\/posts\/70572\/revisions"}],"wp:featuredmedia":[{"embeddable":true,"href":"https:\/\/www.europesays.com\/pt\/wp-json\/wp\/v2\/media\/70573"}],"wp:attachment":[{"href":"https:\/\/www.europesays.com\/pt\/wp-json\/wp\/v2\/media?parent=70572"}],"wp:term":[{"taxonomy":"category","embeddable":true,"href":"https:\/\/www.europesays.com\/pt\/wp-json\/wp\/v2\/categories?post=70572"},{"taxonomy":"post_tag","embeddable":true,"href":"https:\/\/www.europesays.com\/pt\/wp-json\/wp\/v2\/tags?post=70572"}],"curies":[{"name":"wp","href":"https:\/\/api.w.org\/{rel}","templated":true}]}}