{"id":70678,"date":"2025-09-14T06:06:10","date_gmt":"2025-09-14T06:06:10","guid":{"rendered":"https:\/\/www.europesays.com\/pt\/70678\/"},"modified":"2025-09-14T06:06:10","modified_gmt":"2025-09-14T06:06:10","slug":"the-town-ticiane-cogita-mudanca-mas-diz-que-tralli-fica-por-enquanto-na-ponte-rio-sao-paulo-uol","status":"publish","type":"post","link":"https:\/\/www.europesays.com\/pt\/70678\/","title":{"rendered":"The Town: Ticiane cogita mudan\u00e7a, mas diz que Tralli fica por enquanto na ponte Rio-S\u00e3o Paulo &#8211; UOL"},"content":{"rendered":"<ol>\n<li><a href=\"https:\/\/news.google.com\/rss\/articles\/CBMi7AFBVV95cUxPenQyNTNxRUlEOGJfRnNzY0VuVndQMnVlLVl3bGZIUV9NM3dXaTBBdXVabmo5M1loLTJkS2dPNFJRdVppR2piZGRGeWlzaFlLem5lYTFrR0pGdm9HTzVWOW9LRXV4NVc2bGZkWXpOdjlLZEJPU0lMS01QeVAwQnlFVm9BZEF4NGM0WGxyb3htbnd5WDhlZk1BcGhEOHZnXy1MWU1ia3FGTmFKVlVrTGZjWVphNWVzWHBhZVpUcWdDdjk0WWppMW1JRFFlR09obHZHZmxEalhjQXZzTjdLRjFVNUZMVHBqNDZUeVFYcNIB8gFBVV95cUxPczkxMXJhRWZFT3drR2MyLWM1cUVsVngzZk5tMTczbHktUnhjdnhGUWlhZkw3SHNmYVI1VEZUMVp0dUdBQm9sUlNjM29ObFpIbVZLdWNkbU1GbGNmMzZKSHRKNFV3eXYtNml5ODJxdzRFZWhyOC1PTnRLTnZQWE9pem5HR2VCSUMtX2oyY2FrOXVQc2JRNmpnOGhwNE0tYTJEejM2Um1nNnFBYzdxMmU5Z3NyU3gwSEdDQW9ub2VBMmJCY1dGWGdqNnVuMTk3dWNXX0ROSmFFTm5TX3F4czNURE93WU1HUS1GSHJNRXNGanFUUQ?oc=5\" target=\"_blank\" rel=\"nofollow noopener\">The Town: Ticiane cogita mudan\u00e7a, mas diz que Tralli fica por enquanto na ponte Rio-S\u00e3o Paulo<\/a>&nbsp;&nbsp;UOL<\/li>\n<li><a href=\"https:\/\/news.google.com\/rss\/articles\/CBMitwFBVV95cUxQblB1UWJhb1V5dERMcTRaeTVLdDNZUkFmRjJxS0RqUmRNdVExYnNnWnVhcTN0cTExRE5DTjJuZF9PbWs2bG0zQVVMYmVzeVMyTUp4Y2NmV0JBYkxzNXQ0SkE5aUk3WE5aVzBtVWVIbXJmY2Zmd3pPd2JVamdGUFpOSkNTOXNvcm5SWUwtWi1CelhaYUxtWFNlOHBqOGVDSzdFdElLOHZPMVIzTENRWnVMUEZzN2YtQUXSAcYBQVVfeXFMTWpkMENkQUtVazFMVjJQcndxMVljTTB3Z3ozN2dBTnFYN2R0b1NZckZLV0tucHpkM28yb2F0OE5DNFN1TDdVQ0xOMUpXSndmT1NYSFVzU1hRWjlSVTR2eWYwdDJkUDJlVnkwZ2s0NVhmcktoeTZwd2JVc3ZTNC1pWHI4dkticU1LOGx0TkZkaEl2N1ZTR2s4aE9JRkRHVjZua29vb3hORWY4elVNbkFvN2puc1MyaHFlTXdXYmMzN1VvS0tKLUtn?oc=5\" target=\"_blank\" rel=\"nofollow noopener\">Ticiane Pinheiro fala de mudan\u00e7a para o Rio de Janeiro: &#8216;Ainda estamos conversando&#8217;<\/a>&nbsp;&nbsp;Gshow<\/li>\n<li><a href=\"https:\/\/news.google.com\/rss\/articles\/CBMiggJBVV95cUxQZlZiUThUODdHMDBVcTdDZ09yQVc5RnMtd28ydUU3bGtqbU5vU3lSNVlkeUszTDFrZU1OQXU5RWZVWFhtOGV1ZUlLb2JLa2JNd1hOQ2R0YmpnWXJVQUFVeHlKRTNiWDFxZmNHUFg2Sk1mSlBraDdQNzluSlFfdUt2T0FaRXdsUGFJZ2JJOG5YSU93SE5TZkI5V2NfZWkwY2pyNkRlWHQ5cHcwRm1vd1BOaGFCM1NxV3RlX0N6WkVMRDVEaF9sYWpfdlRranlfSGF5X0JFUlVRUWVyN1FmamRKd2RTNDBmTXdrc2dsUW51V0lqNW5uWW5GdkhmdFhLZTNxX0E?oc=5\" target=\"_blank\" rel=\"nofollow noopener\">N\u00e3o gostou? Justus reage \u00e0 poss\u00edvel dist\u00e2ncia da filha ap\u00f3s promo\u00e7\u00e3o de Tralli: &#8216;Complexo&#8217;<\/a>&nbsp;&nbsp;Terra<\/li>\n<li><a href=\"https:\/\/news.google.com\/rss\/articles\/CBMitAFBVV95cUxQZ3RsMmZmaU02bVVHckIyeFhnMkxIc2NBS1RRUThkMDlETnRjeGRMbDhoeHg2Y0ZZbHJmXzdvUTZxdGJZQk5TdE5Ka09rb05EOXY4MFYwUjVNVGdDczZZekktSGdONUdNWXo5VWNpTzFUT0RqVjVxWlJueEt4NWVINnZudEI0STJCNE1GakFXNHFpUUdibENMSHNYa3ZnbC02a2dzOTRWVUVlREZSbVA0cFk2LWU?oc=5\" target=\"_blank\" rel=\"nofollow noopener\">Tici Pinheiro revela se fam\u00edlia se mudar\u00e1 com C\u00e9sar Tralli para o Rio<\/a>&nbsp;&nbsp;CNN Brasil<\/li>\n<li><a href=\"https:\/\/news.google.com\/rss\/articles\/CBMisAFBVV95cUxOYWR3a0l1YUZyaTZEVHJZaF82alZ1OXR6TGNfcWNzUlVKRWI3SFpsWGZSZEUtd0Y5TFdXQmNhQmhibjhjRTJCM2NzQkdKTVpTSFlhYXFmYnJHdXNMRF9DdnRyVlc3c2xBRW1KQW5yQ2lobndGRkthZlJaSlFJam5iZWNqN216RTFWa09vcWxvZE5mOUpVelNyLWhKSy1XQVMyY2s0bmdrd0wtNTZ5c1Y0Ng?oc=5\" target=\"_blank\" rel=\"nofollow noopener\">Ticiane Pinheiro abre o jogo: mudan\u00e7a de vida com C\u00e9sarTralli no JN<\/a>&nbsp;&nbsp;VEJA<\/li>\n<\/ol>\n","protected":false},"excerpt":{"rendered":"The Town: Ticiane cogita mudan\u00e7a, mas diz que Tralli fica por enquanto na ponte Rio-S\u00e3o Paulo&nbsp;&nbsp;UOL Ticiane Pinheiro&hellip;\n","protected":false},"author":2,"featured_media":70679,"comment_status":"","ping_status":"","sticky":false,"template":"","format":"standard","meta":{"footnotes":""},"categories":[145],"tags":[3539,219,18903,211,210,223,114,115,224,225,226,753,221,220,222,1428,213,214,32,33,2568,1645,1741,574,7465,2566,218,11077,4787,228,227],"class_list":{"0":"post-70678","1":"post","2":"type-post","3":"status-publish","4":"format-standard","5":"has-post-thumbnail","7":"category-celebridades","8":"tag-apresentadora","9":"tag-bichos","10":"tag-csar-tralli","11":"tag-celebridades","12":"tag-celebrities","13":"tag-colunistas","14":"tag-entertainment","15":"tag-entretenimento","16":"tag-estranho","17":"tag-eu-amo","18":"tag-fofices","19":"tag-globo","20":"tag-horoscopo","21":"tag-humanos","22":"tag-humor","23":"tag-jornalismo","24":"tag-msica","25":"tag-pop","26":"tag-portugal","27":"tag-pt","28":"tag-record","29":"tag-rock","30":"tag-so-paulo","31":"tag-show","32":"tag-shows","33":"tag-televiso","34":"tag-televisao","35":"tag-the-town","36":"tag-ticiane-pinheiro","37":"tag-tudo","38":"tag-videos"},"share_on_mastodon":{"url":"","error":""},"_links":{"self":[{"href":"https:\/\/www.europesays.com\/pt\/wp-json\/wp\/v2\/posts\/70678","targetHints":{"allow":["GET"]}}],"collection":[{"href":"https:\/\/www.europesays.com\/pt\/wp-json\/wp\/v2\/posts"}],"about":[{"href":"https:\/\/www.europesays.com\/pt\/wp-json\/wp\/v2\/types\/post"}],"author":[{"embeddable":true,"href":"https:\/\/www.europesays.com\/pt\/wp-json\/wp\/v2\/users\/2"}],"replies":[{"embeddable":true,"href":"https:\/\/www.europesays.com\/pt\/wp-json\/wp\/v2\/comments?post=70678"}],"version-history":[{"count":0,"href":"https:\/\/www.europesays.com\/pt\/wp-json\/wp\/v2\/posts\/70678\/revisions"}],"wp:featuredmedia":[{"embeddable":true,"href":"https:\/\/www.europesays.com\/pt\/wp-json\/wp\/v2\/media\/70679"}],"wp:attachment":[{"href":"https:\/\/www.europesays.com\/pt\/wp-json\/wp\/v2\/media?parent=70678"}],"wp:term":[{"taxonomy":"category","embeddable":true,"href":"https:\/\/www.europesays.com\/pt\/wp-json\/wp\/v2\/categories?post=70678"},{"taxonomy":"post_tag","embeddable":true,"href":"https:\/\/www.europesays.com\/pt\/wp-json\/wp\/v2\/tags?post=70678"}],"curies":[{"name":"wp","href":"https:\/\/api.w.org\/{rel}","templated":true}]}}