{"id":70687,"date":"2025-09-14T06:14:11","date_gmt":"2025-09-14T06:14:11","guid":{"rendered":"https:\/\/www.europesays.com\/pt\/70687\/"},"modified":"2025-09-14T06:14:11","modified_gmt":"2025-09-14T06:14:11","slug":"ines-aires-pereira-assume-depressao-tive-de-pedir-ajuda","status":"publish","type":"post","link":"https:\/\/www.europesays.com\/pt\/70687\/","title":{"rendered":"In\u00eas Aires Pereira assume depress\u00e3o: &#8220;Tive de pedir ajuda&#8221;"},"content":{"rendered":"<p>In\u00eas Aires Pereira foi a convidada desta semana do programa &#8216;Alta Defini\u00e7\u00e3o&#8217;, apresentado por Daniel Oliveira. <\/p>\n<p>A separa\u00e7\u00e3o de David Ferreira da Silva<\/p>\n<p>In\u00eas Aires Pereira separou-se do pai dos seus filhos, David Ferreira da Silva, no in\u00edcio de 2024. Sobre essa fase, a atriz referiu:<\/p>\n<p>&#8220;O pai dos meus filhos n\u00e3o \u00e9 um homem qualquer. Quando era s\u00f3 rosas ele j\u00e1 era perfeito mas quando passas pela separa\u00e7\u00e3o tu v\u00eas mesmos as pessoas [&#8230;] Escolhi mesmo bem o pai dos meus filhos. Quem amo, amo para sempre&#8221;, revelou. <\/p>\n<p>Leia Tamb\u00e9m: <a href=\"https:\/\/www.noticiasaominuto.com\/fama\/2853031\/degeneres-processada-por-provocar-acidente-vitima-pede-indemnizacao\" target=\"_blank\" rel=\"noreferrer noopener nofollow\">DeGeneres processada por provocar acidente. V\u00edtima pede indemniza\u00e7\u00e3o<\/a><\/p>\n","protected":false},"excerpt":{"rendered":"In\u00eas Aires Pereira foi a convidada desta semana do programa &#8216;Alta Defini\u00e7\u00e3o&#8217;, apresentado por Daniel Oliveira. A separa\u00e7\u00e3o&hellip;\n","protected":false},"author":2,"featured_media":70688,"comment_status":"","ping_status":"","sticky":false,"template":"","format":"standard","meta":{"footnotes":""},"categories":[85],"tags":[114,115,32,33],"class_list":{"0":"post-70687","1":"post","2":"type-post","3":"status-publish","4":"format-standard","5":"has-post-thumbnail","7":"category-entretenimento","8":"tag-entertainment","9":"tag-entretenimento","10":"tag-portugal","11":"tag-pt"},"share_on_mastodon":{"url":"","error":""},"_links":{"self":[{"href":"https:\/\/www.europesays.com\/pt\/wp-json\/wp\/v2\/posts\/70687","targetHints":{"allow":["GET"]}}],"collection":[{"href":"https:\/\/www.europesays.com\/pt\/wp-json\/wp\/v2\/posts"}],"about":[{"href":"https:\/\/www.europesays.com\/pt\/wp-json\/wp\/v2\/types\/post"}],"author":[{"embeddable":true,"href":"https:\/\/www.europesays.com\/pt\/wp-json\/wp\/v2\/users\/2"}],"replies":[{"embeddable":true,"href":"https:\/\/www.europesays.com\/pt\/wp-json\/wp\/v2\/comments?post=70687"}],"version-history":[{"count":0,"href":"https:\/\/www.europesays.com\/pt\/wp-json\/wp\/v2\/posts\/70687\/revisions"}],"wp:featuredmedia":[{"embeddable":true,"href":"https:\/\/www.europesays.com\/pt\/wp-json\/wp\/v2\/media\/70688"}],"wp:attachment":[{"href":"https:\/\/www.europesays.com\/pt\/wp-json\/wp\/v2\/media?parent=70687"}],"wp:term":[{"taxonomy":"category","embeddable":true,"href":"https:\/\/www.europesays.com\/pt\/wp-json\/wp\/v2\/categories?post=70687"},{"taxonomy":"post_tag","embeddable":true,"href":"https:\/\/www.europesays.com\/pt\/wp-json\/wp\/v2\/tags?post=70687"}],"curies":[{"name":"wp","href":"https:\/\/api.w.org\/{rel}","templated":true}]}}