{"id":70782,"date":"2025-09-14T08:47:14","date_gmt":"2025-09-14T08:47:14","guid":{"rendered":"https:\/\/www.europesays.com\/pt\/70782\/"},"modified":"2025-09-14T08:47:14","modified_gmt":"2025-09-14T08:47:14","slug":"aproveitei-o-fim-de-semana-com-as-criancas-levei-as-a-escola-mas-estava-sempre-a-pensar-no-proximo-jogo","status":"publish","type":"post","link":"https:\/\/www.europesays.com\/pt\/70782\/","title":{"rendered":"\u00abAproveitei o fim de semana com as crian\u00e7as, levei-as \u00e0 escola, mas estava sempre a pensar no pr\u00f3ximo jogo\u00bb"},"content":{"rendered":"<p><strong>Ruben Amorim voltou a antever o Manchester City x Manchester United. Duelo \u00e9 o prato grande da quarta jornada da Premier League. <\/strong><\/p>\n<p>Ruben Amorim voltou a falar na antec\u00e2mara do d\u00e9rbi de Manchester, entre o Manchester City e o Manchester United. Treinador falou na necessidade de ter mentalidade no clube e garantiu querer ter bola diante dos cityzens. <\/p>\n<p>\u00abO nosso objetivo \u00e9 ter a mesma mentalidade quando jogamos contra o Manchester City e quando jogamos contra o Grimsby Town. Esse \u00e9 o nosso objetivo, jogar todas as partidas com a mesma mentalidade. \u00c9 apenas mais uma partida, muito importante, mas deve ser como enfrentar o Manchester City todas as semanas. O Manchester City tem muita posse de bola. Eles mudam muito a sua constru\u00e7\u00e3o de jogo, o que representa um problema para a press\u00e3o, mas n\u00f3s focamo-nos em n\u00f3s mesmos. Temos uma forma de defender que nos permite adaptar-nos a diferentes sistemas. E tamb\u00e9m precisamos de ter a posse de bola, isso \u00e9 muito importante, como mostr\u00e1mos nos \u00faltimos jogos. N\u00e3o podemos enfrentar o Manchester City apenas a pensar nas transi\u00e7\u00f5es ou a correr atr\u00e1s da bola. N\u00e3o, podemos ter a posse de bola, e \u00e9 isso que vamos tentar fazer\u00bb, come\u00e7ou Ruben Amorim, que salientou ainda a import\u00e2ncia da pausa na prepara\u00e7\u00e3o do jogo. <\/p>\n<p>\u00abRevi alguns jogos. Tentei assistir aos \u00faltimos jogos contra o Manchester City. Tentei imaginar certas posi\u00e7\u00f5es para os jogadores. Especialmente quando temos les\u00f5es, precisamos de nos preparar para o futuro, para estarmos confort\u00e1veis em qualquer situa\u00e7\u00e3o. Ent\u00e3o, foi uma pausa normal, aproveitei o fim de semana com as crian\u00e7as, levei-as \u00e0 escola, mas estava sempre a pensar no pr\u00f3ximo jogo\u00bb, salientou o treinador. <\/p>\n<p>O Manchester City x Manchester United realiza-se este domingo, dia 13 de setembro, a partir das 16h30. L\u00ea as <a href=\"https:\/\/bolanarede.pt\/especial-bola-na-rede\/atualidade\/ruben-amorim-deixa-elogios-a-pep-guardiola-na-antevisao-do-manchester-city-x-manchester-united-o-melhor-treinador-da-premier-league\/\" target=\"_blank\" rel=\"noreferrer noopener nofollow\">principais declara\u00e7\u00f5es de Ruben Amorim na antevis\u00e3o do encontro. <\/a><\/p>\n","protected":false},"excerpt":{"rendered":"Ruben Amorim voltou a antever o Manchester City x Manchester United. Duelo \u00e9 o prato grande da quarta&hellip;\n","protected":false},"author":2,"featured_media":70783,"comment_status":"","ping_status":"","sticky":false,"template":"","format":"standard","meta":{"footnotes":""},"categories":[87],"tags":[260,135,1382,663,32,666,33,1052,134],"class_list":{"0":"post-70782","1":"post","2":"type-post","3":"status-publish","4":"format-standard","5":"has-post-thumbnail","7":"category-desporto","8":"tag-atualidade","9":"tag-desporto","10":"tag-manchester-city","11":"tag-manchester-united","12":"tag-portugal","13":"tag-premier-league","14":"tag-pt","15":"tag-ruben-amorim","16":"tag-sports"},"share_on_mastodon":{"url":"","error":""},"_links":{"self":[{"href":"https:\/\/www.europesays.com\/pt\/wp-json\/wp\/v2\/posts\/70782","targetHints":{"allow":["GET"]}}],"collection":[{"href":"https:\/\/www.europesays.com\/pt\/wp-json\/wp\/v2\/posts"}],"about":[{"href":"https:\/\/www.europesays.com\/pt\/wp-json\/wp\/v2\/types\/post"}],"author":[{"embeddable":true,"href":"https:\/\/www.europesays.com\/pt\/wp-json\/wp\/v2\/users\/2"}],"replies":[{"embeddable":true,"href":"https:\/\/www.europesays.com\/pt\/wp-json\/wp\/v2\/comments?post=70782"}],"version-history":[{"count":0,"href":"https:\/\/www.europesays.com\/pt\/wp-json\/wp\/v2\/posts\/70782\/revisions"}],"wp:featuredmedia":[{"embeddable":true,"href":"https:\/\/www.europesays.com\/pt\/wp-json\/wp\/v2\/media\/70783"}],"wp:attachment":[{"href":"https:\/\/www.europesays.com\/pt\/wp-json\/wp\/v2\/media?parent=70782"}],"wp:term":[{"taxonomy":"category","embeddable":true,"href":"https:\/\/www.europesays.com\/pt\/wp-json\/wp\/v2\/categories?post=70782"},{"taxonomy":"post_tag","embeddable":true,"href":"https:\/\/www.europesays.com\/pt\/wp-json\/wp\/v2\/tags?post=70782"}],"curies":[{"name":"wp","href":"https:\/\/api.w.org\/{rel}","templated":true}]}}