{"id":70885,"date":"2025-09-14T10:33:17","date_gmt":"2025-09-14T10:33:17","guid":{"rendered":"https:\/\/www.europesays.com\/pt\/70885\/"},"modified":"2025-09-14T10:33:17","modified_gmt":"2025-09-14T10:33:17","slug":"veleiro-afundado-apos-ataque-de-orcas-na-costa-portuguesa","status":"publish","type":"post","link":"https:\/\/www.europesays.com\/pt\/70885\/","title":{"rendered":"Veleiro afundado ap\u00f3s ataque de orcas na costa portuguesa"},"content":{"rendered":"<p>                    Imagens publicadas nas redes sociais mostram a embarca\u00e7\u00e3o Ocean View j\u00e1 parcialmente submersa.<\/p>\n<p>          <img decoding=\"async\" itemprop=\"image\" class=\"img-fluid\"   src=\"https:\/\/www.europesays.com\/pt\/wp-content\/uploads\/2025\/09\/f8300372767b4d638a80de9b62202614_N.jpg\"\/><\/p>\n<p>&#13;<br \/>\nO grupo de orcas estar\u00e1 agora na zona de Cascais.&#13;\n<\/p>\n<p>&#13;<br \/>\n<br \/>&#13;<br \/>\nNos \u00faltimos anos t\u00eam-se verificado centenas de ataques de orcas a veleiros na costa portuguesa, Galiza e at\u00e9 ao Estreito de Gibraltar.&#13;\n<\/p>\n<p>&#13;<br \/>\n<br \/>&#13;<br \/>\nAs orcas arrancam o leme dos veleiros, causando por vezes a entrada de \u00e1gua e o afundamento da embarca\u00e7\u00e3o, como foi o caso do ataque deste s\u00e1bado.<br \/>&#13;<\/p>\n","protected":false},"excerpt":{"rendered":"Imagens publicadas nas redes sociais mostram a embarca\u00e7\u00e3o Ocean View j\u00e1 parcialmente submersa. &#13; O grupo de orcas&hellip;\n","protected":false},"author":2,"featured_media":69882,"comment_status":"","ping_status":"","sticky":false,"template":"","format":"standard","meta":{"footnotes":""},"categories":[10],"tags":[27,28,15,16,14,25,26,21,22,12,13,19,20,32,23,24,33,420,421,17,18,29,30,31],"class_list":{"0":"post-70885","1":"post","2":"type-post","3":"status-publish","4":"format-standard","5":"has-post-thumbnail","7":"category-portugal","8":"tag-breaking-news","9":"tag-breakingnews","10":"tag-featured-news","11":"tag-featurednews","12":"tag-headlines","13":"tag-latest-news","14":"tag-latestnews","15":"tag-main-news","16":"tag-mainnews","17":"tag-news","18":"tag-noticias","19":"tag-noticias-principais","20":"tag-noticiasprincipais","21":"tag-portugal","22":"tag-principais-noticias","23":"tag-principaisnoticias","24":"tag-pt","25":"tag-rtp","26":"tag-rtp-noticias","27":"tag-top-stories","28":"tag-topstories","29":"tag-ultimas","30":"tag-ultimas-noticias","31":"tag-ultimasnoticias"},"share_on_mastodon":{"url":"","error":""},"_links":{"self":[{"href":"https:\/\/www.europesays.com\/pt\/wp-json\/wp\/v2\/posts\/70885","targetHints":{"allow":["GET"]}}],"collection":[{"href":"https:\/\/www.europesays.com\/pt\/wp-json\/wp\/v2\/posts"}],"about":[{"href":"https:\/\/www.europesays.com\/pt\/wp-json\/wp\/v2\/types\/post"}],"author":[{"embeddable":true,"href":"https:\/\/www.europesays.com\/pt\/wp-json\/wp\/v2\/users\/2"}],"replies":[{"embeddable":true,"href":"https:\/\/www.europesays.com\/pt\/wp-json\/wp\/v2\/comments?post=70885"}],"version-history":[{"count":0,"href":"https:\/\/www.europesays.com\/pt\/wp-json\/wp\/v2\/posts\/70885\/revisions"}],"wp:featuredmedia":[{"embeddable":true,"href":"https:\/\/www.europesays.com\/pt\/wp-json\/wp\/v2\/media\/69882"}],"wp:attachment":[{"href":"https:\/\/www.europesays.com\/pt\/wp-json\/wp\/v2\/media?parent=70885"}],"wp:term":[{"taxonomy":"category","embeddable":true,"href":"https:\/\/www.europesays.com\/pt\/wp-json\/wp\/v2\/categories?post=70885"},{"taxonomy":"post_tag","embeddable":true,"href":"https:\/\/www.europesays.com\/pt\/wp-json\/wp\/v2\/tags?post=70885"}],"curies":[{"name":"wp","href":"https:\/\/api.w.org\/{rel}","templated":true}]}}