{"id":71160,"date":"2025-09-14T15:25:08","date_gmt":"2025-09-14T15:25:08","guid":{"rendered":"https:\/\/www.europesays.com\/pt\/71160\/"},"modified":"2025-09-14T15:25:08","modified_gmt":"2025-09-14T15:25:08","slug":"fotografia-paixao-de-david-feffer-ganha-sua-casa-propria","status":"publish","type":"post","link":"https:\/\/www.europesays.com\/pt\/71160\/","title":{"rendered":"Fotografia, paix\u00e3o de David Feffer, ganha sua casa pr\u00f3pria"},"content":{"rendered":"<p>Aos 12 anos, David Feffer ganhou uma m\u00e1quina fotogr\u00e1fica e dedicava boa parte de seu tempo livre \u00e0 captura de boas imagens.<\/p>\n<p>O interesse pelas fotos s\u00f3 crescia, e o garoto pediu que os pais constru\u00edssem um laborat\u00f3rio no qual pudesse revelar suas fotos.<\/p>\n<p>Diante da negativa da fam\u00edlia, David resolveu tocar a empreitada por conta pr\u00f3pria. Foi ao centro de S\u00e3o Paulo em busca dos materiais e pintou de preto as paredes de um quartinho improvisado atr\u00e1s da lavanderia da casa, transformando-o em um laborat\u00f3rio.<\/p>\n<p>Revelava fotos de amigos, de casamentos, e experimentava luzes e sombras \u2013 at\u00e9 que o trabalho na Suzano o obrigou a abandonar a paix\u00e3o.\u00a0<\/p>\n<p>Mas quase cinco d\u00e9cadas depois, o empres\u00e1rio ganhou de sua esposa uma c\u00e2mera e foi retomando o gosto pelos cliques.<\/p>\n<p>De volta a esse universo, em vez de montar um novo quartinho para revelar fotos, Feffer decidiu revelar novos talentos da fotografia, bem como valorizar o trabalho dos artistas j\u00e1 consagrados.<\/p>\n<p><img fetchpriority=\"high\" decoding=\"async\" class=\"size-medium wp-image-85354 alignleft\" src=\"https:\/\/www.europesays.com\/pt\/wp-content\/uploads\/2025\/09\/David-Feffer-ok-250x300.jpg\" alt=\"David Feffer ok\" width=\"250\" height=\"300\" title=\"Fotografia, paix\u00e3o de David Feffer, ganha sua casa pr\u00f3pria 1\"  \/><\/p>\n<p>Esta \u00e9 a g\u00eanese do Instituto ViaFoto, inaugurado nesta semana no Largo da Batata, em S\u00e3o Paulo, com a miss\u00e3o de dar \u00e0 fotografia brasileira a estatura que ela merece como manifesta\u00e7\u00e3o art\u00edstica.<\/p>\n<p>\u201cO Brasil tem grandes fot\u00f3grafos, mas faltava uma casa da fotografia. O ViaFoto nasce para ser esse lugar,\u201d Feffer disse ao <a href=\"https:\/\/www.instagram.com\/braziljournal\/\" target=\"_blank\" rel=\"noopener nofollow\"><b>Brazil Journal<\/b><\/a>.<\/p>\n<p>Mais do que um espa\u00e7o expositivo, trata-se de um territ\u00f3rio vivo \u2014 mil metros quadrados dedicados a exposi\u00e7\u00f5es, cursos, oficinas e experi\u00eancias imersivas.<\/p>\n<p>\u201cQueremos que o ViaFoto valorize a fotografia ao mesmo tempo em que cria novas oportunidades de trabalho dentro desse campo,\u201d disse Feffer.<\/p>\n<p>A escolha do Largo da Batata n\u00e3o foi casual. A regi\u00e3o, marcada pelo enorme fluxo de gente e transforma\u00e7\u00f5es recentes, ecoa a pr\u00f3pria natureza da fotografia: inst\u00e1vel, mut\u00e1vel, capaz de capturar o instante e projetar futuros poss\u00edveis. Ao instalar-se ali, o instituto busca ser inclusivo.<\/p>\n<p>\u201cAs pessoas que descem do metr\u00f4 ou circulam nos arredores v\u00e3o se sentir convidadas a entrar, sem intimida\u00e7\u00e3o,\u201d disse o empres\u00e1rio, que preside o instituto. \u201cE o grande colecionador tamb\u00e9m vai se surpreender.\u201d\u00a0<\/p>\n<p>O projeto foi gestado ao longo de tr\u00eas anos. Feffer \u2013 que j\u00e1 se envolveu na cria\u00e7\u00e3o de outras iniciativas como o Centro de Cultura Judaica, o Museu Judaico de S\u00e3o Paulo e o Museu da Imagina\u00e7\u00e3o \u2013 interagiu com nomes centrais da fotografia brasileira e internacional. Sebasti\u00e3o Salgado, por exemplo, visitou o espa\u00e7o em fases distintas e deu sugest\u00f5es que ajudaram a moldar o instituto.<\/p>\n<p>Ao lado dele, fot\u00f3grafos, curadores e colecionadores contribu\u00edram para dar densidade a uma proposta que se inspira em modelos internacionais, como o bairro de Wynwood, em Miami, mas busca uma identidade pr\u00f3pria: um lugar de pertencimento, encontro e forma\u00e7\u00e3o.<\/p>\n<p>Essa voca\u00e7\u00e3o j\u00e1 se materializa na primeira exposi\u00e7\u00e3o, <b>Largo Entre Tempos Fotogr\u00e1ficos<\/b>, que re\u00fane nove grandes nomes da fotografia brasileira em di\u00e1logo com jovens talentos.\u00a0<\/p>\n<p>Cada mestre apadrinha um fot\u00f3grafo em forma\u00e7\u00e3o, e as obras s\u00e3o expostas lado a lado. \u201cQueremos articular gera\u00e7\u00f5es e abrir caminho para novos olhares,\u201d disse Feffer. Na exposi\u00e7\u00e3o, h\u00e1 fotos de nomes consagrados como Bob Wolfenson, Caio Reisewitz, Claudia Andujar, Claudia Jaguaribe, Claudio Edinger, Cristiano Mascaro, Jo\u00e3o Farkas, Maureen Bisilliat e Nair Benedict.<\/p>\n<p>O ViaFoto estrutura sua atua\u00e7\u00e3o em dois eixos. O primeiro \u00e9 o expositivo, com mostras que v\u00e3o do fotojornalismo \u00e0 arte contempor\u00e2nea, passando por pr\u00e1ticas experimentais.<\/p>\n<p>O segundo \u00e9 o de forma\u00e7\u00e3o, com um Centro de Conhecimento que oferecer\u00e1 cursos, workshops e rodas de conversa sobre t\u00e9cnica, cr\u00edtica e hist\u00f3ria da fotografia. \u201cQueremos seduzir pelo olhar como uma loja de doces seduz pelo olfato,\u201d disse Feffer.<\/p>\n<p>Para garantir a sustenta\u00e7\u00e3o institucional, o ViaFoto conta com um Conselho Deliberativo de oito membros e um Conselho Art\u00edstico formado por Jos\u00e9 Olympio Pereira, Jos\u00e9 Roberto Marinho e Ricardo Steinbruch.<\/p>\n<p>Al\u00e9m disso, uma equipe plural \u2014 que inclui advogados, artistas, gestores culturais e colecionadores \u2014 comp\u00f5e o n\u00facleo respons\u00e1vel pela opera\u00e7\u00e3o di\u00e1ria. Feffer quer que o instituto \u201cseja uma organiza\u00e7\u00e3o perene, de S\u00e3o Paulo para o mundo.\u201d<\/p>\n<p>Pensando no futuro, outros empres\u00e1rios e interessados pela fotografia ser\u00e3o procurados para formar um fundo patrimonial que permita n\u00e3o s\u00f3 a perpetuidade como tamb\u00e9m a expans\u00e3o do ViaFoto.<\/p>\n<p><img loading=\"lazy\" decoding=\"async\" class=\"alignnone wp-image-88841 size-large\" src=\"https:\/\/www.europesays.com\/pt\/wp-content\/uploads\/2025\/09\/562-VIAFOTO-1024x683.jpg\" alt=\"562 VIAFOTO\" width=\"1024\" height=\"683\" title=\"Fotografia, paix\u00e3o de David Feffer, ganha sua casa pr\u00f3pria 2\"  \/><\/p>\n<p>                                                        <a href=\"https:\/\/braziljournal.com\/author\/raquel-salgado\/\" rel=\"author nofollow noopener\" title=\"Raquel Salgado\" class=\"author url fn\" target=\"_blank\">Raquel Salgado<\/a>                                                    <\/p>\n<p>                       <script async src=\"\/\/www.instagram.com\/embed.js\"><\/script><\/p>\n","protected":false},"excerpt":{"rendered":"Aos 12 anos, David Feffer ganhou uma m\u00e1quina fotogr\u00e1fica e dedicava boa parte de seu tempo livre \u00e0&hellip;\n","protected":false},"author":2,"featured_media":71161,"comment_status":"","ping_status":"","sticky":false,"template":"","format":"standard","meta":{"footnotes":""},"categories":[144],"tags":[207,205,206,203,201,202,204,114,115,32,33],"class_list":{"0":"post-71160","1":"post","2":"type-post","3":"status-publish","4":"format-standard","5":"has-post-thumbnail","7":"category-arte-e-design","8":"tag-arte","9":"tag-arte-e-design","10":"tag-artedesign","11":"tag-arts","12":"tag-arts-and-design","13":"tag-artsanddesign","14":"tag-design","15":"tag-entertainment","16":"tag-entretenimento","17":"tag-portugal","18":"tag-pt"},"share_on_mastodon":{"url":"","error":""},"_links":{"self":[{"href":"https:\/\/www.europesays.com\/pt\/wp-json\/wp\/v2\/posts\/71160","targetHints":{"allow":["GET"]}}],"collection":[{"href":"https:\/\/www.europesays.com\/pt\/wp-json\/wp\/v2\/posts"}],"about":[{"href":"https:\/\/www.europesays.com\/pt\/wp-json\/wp\/v2\/types\/post"}],"author":[{"embeddable":true,"href":"https:\/\/www.europesays.com\/pt\/wp-json\/wp\/v2\/users\/2"}],"replies":[{"embeddable":true,"href":"https:\/\/www.europesays.com\/pt\/wp-json\/wp\/v2\/comments?post=71160"}],"version-history":[{"count":0,"href":"https:\/\/www.europesays.com\/pt\/wp-json\/wp\/v2\/posts\/71160\/revisions"}],"wp:featuredmedia":[{"embeddable":true,"href":"https:\/\/www.europesays.com\/pt\/wp-json\/wp\/v2\/media\/71161"}],"wp:attachment":[{"href":"https:\/\/www.europesays.com\/pt\/wp-json\/wp\/v2\/media?parent=71160"}],"wp:term":[{"taxonomy":"category","embeddable":true,"href":"https:\/\/www.europesays.com\/pt\/wp-json\/wp\/v2\/categories?post=71160"},{"taxonomy":"post_tag","embeddable":true,"href":"https:\/\/www.europesays.com\/pt\/wp-json\/wp\/v2\/tags?post=71160"}],"curies":[{"name":"wp","href":"https:\/\/api.w.org\/{rel}","templated":true}]}}