{"id":71170,"date":"2025-09-14T15:35:17","date_gmt":"2025-09-14T15:35:17","guid":{"rendered":"https:\/\/www.europesays.com\/pt\/71170\/"},"modified":"2025-09-14T15:35:17","modified_gmt":"2025-09-14T15:35:17","slug":"encontrado-ser-vivo-a-mover-se-dentro-do-gelo-do-artico","status":"publish","type":"post","link":"https:\/\/www.europesays.com\/pt\/71170\/","title":{"rendered":"Encontrado ser vivo a mover-se dentro do gelo do \u00c1rtico"},"content":{"rendered":"<p class=\"wp-caption-text top\"><a href=\"https:\/\/www.flickr.com\/photos\/usgeologicalsurvey\/4370258295\/sizes\/l\" rel=\"nofollow external noopener noreferrer\" data-wpel-link=\"external\" target=\"_blank\" class=\"ext-link\">usgeologicalsurvey \/ Flickr <\/a><\/p>\n<p><img decoding=\"async\" loading=\"lazy\" class=\"size-kopa-image-size-3 wp-image-216596\" src=\"https:\/\/www.europesays.com\/pt\/wp-content\/uploads\/2025\/09\/7d520e01af1227474e9cff5400e1de72-783x450.jpg\" alt=\"\" width=\"700\" height=\"402\"  \/><\/p>\n<p><strong>Navio realizou uma expedi\u00e7\u00e3o durante um m\u00eas e meio \u2013 e encontrou algo que n\u00e3o esperava. Microalgas surpreenderam investigadores.<\/strong><\/p>\n<p>Uma recente expedi\u00e7\u00e3o de 45 dias no <strong>remoto \u00c1rtico<\/strong> revelou que <strong>microalgas<\/strong> <strong>presas no gelo marinho n\u00e3o s\u00f3 est\u00e3o vivas, como tamb\u00e9m se movimentam<\/strong> ativamente, contrariando ideias antigas sobre a vida em ambientes extremos.<\/p>\n<p>Utilizando n\u00facleos de gelo e drones subaqu\u00e1ticos no Mar de Chukchi \u2014 um mar marginal entre o Alasca e a R\u00fassia \u2014 os cientistas descobriram <strong>pel\u00edculas verdes<\/strong> a revestir a parte inferior do gelo.<\/p>\n<p>Estas pel\u00edculas, compostas por diatom\u00e1ceas, um tipo de microalga, eram at\u00e9 agora consideradas dormentes em condi\u00e7\u00f5es de congelamento.<\/p>\n<p>No entanto, os investigadores observaram que as algas permanecem m\u00f3veis mesmo a <strong>\u201315\u202f\u00b0C,<\/strong> a temperatura mais baixa registada para movimento de uma c\u00e9lula eucari\u00f3tica, um tipo de c\u00e9lula presente em plantas, animais e fungos.<\/p>\n<p>\u201cEsta n\u00e3o \u00e9 a criobiologia de filmes dos anos 1980\u201d, afirmou Manu Prakash, professor associado de bioengenharia na Universidade de Stanford e autor principal do <a href=\"https:\/\/www.pnas.org\/doi\/10.1073\/pnas.2423725122\" data-wpel-link=\"external\" target=\"_blank\" rel=\"nofollow external noopener noreferrer\" class=\"ext-link\">estudo<\/a>.<\/p>\n<p>\u201cAs diatom\u00e1ceas est\u00e3o t\u00e3o ativas quanto podemos imaginar at\u00e9 que a temperatura des\u00e7a para \u201315\u202f\u00b0C, o que \u00e9 <strong>extremamente surpreendente\u201d,<\/strong> acrescentou o investigador.<\/p>\n<p>A equipa recolheu n\u00facleos de gelo em doze esta\u00e7\u00f5es de investiga\u00e7\u00e3o durante o ver\u00e3o de 2023 e estudou-os no navio de investiga\u00e7\u00e3o Sikuliaq, utilizando microsc\u00f3pios constru\u00eddos \u00e0 medida, descreve o <a href=\"https:\/\/www.discoverwildlife.com\/environment\/arctic-ice-diatoms-survive-freezing-temperatures\" data-wpel-link=\"external\" target=\"_blank\" rel=\"nofollow external noopener noreferrer\" class=\"ext-link\">Discover Wildlife<\/a>.<\/p>\n<p>Observaram que as diatom\u00e1ceas <strong>deslizam<\/strong> sobre as superf\u00edcies geladas, movendo-se atrav\u00e9s de uma secre\u00e7\u00e3o semelhante a muco.<\/p>\n<p>\u201cH\u00e1 um pol\u00edmero, parecido com muco de caracol, que elas secretam e que adere \u00e0 superf\u00edcie, como uma corda com uma \u00e2ncora\u201d, explicou a autora principal, Qing Zhang. \u201cDepois <strong>puxam essa \u2018corda\u2019<\/strong>, e isso d\u00e1-lhes a for\u00e7a para se moverem para a frente.\u201d Este movimento \u00e9 impulsionado por actina e miosina, as mesmas prote\u00ednas respons\u00e1veis pela contra\u00e7\u00e3o muscular humana.<\/p>\n<p>Surpreendentemente, as diatom\u00e1ceas do \u00c1rtico moveram-se mais rapidamente do que os seus equivalentes em zonas temperadas, sugerindo uma adapta\u00e7\u00e3o evolutiva \u00e0s condi\u00e7\u00f5es polares.<\/p>\n<p>A descoberta indica que estas algas desempenham um <strong>papel cr\u00edtico na transfer\u00eancia de recursos<\/strong> atrav\u00e9s da teia alimentar \u00e1rtica, potencialmente sustentando desde peixes at\u00e9 ursos polares. Sob o gelo, drones revelaram extensas \u00e1reas verdes, mostrando que esta vida microbiana constitui um componente significativo, embora em grande parte invis\u00edvel, do ecossistema.<\/p>\n<p>Os investigadores alertaram que o derretimento do gelo marinho e eventuais cortes no financiamento da ci\u00eancia polar poder\u00e3o comprometer a compreens\u00e3o destes ambientes fr\u00e1geis. \u201cMuitos dos meus colegas dizem-me que, <strong>nos pr\u00f3ximos 25 a 30 anos, o \u00c1rtico deixar\u00e1 de existir<\/strong>\u201d, disse Prakash. \u201cQuando os ecossistemas se perdem, perdemos conhecimento sobre ramos inteiros da nossa \u00e1rvore da vida.\u201d<\/p>\n<p>    <a href=\"https:\/\/zap.aeiou.pt\/subscrever-newsletter\" data-wpel-link=\"internal\" rel=\"nofollow noopener\" target=\"_blank\">&#13;<br \/>\n        <img loading=\"lazy\" decoding=\"async\" class=\"aligncenter size-full wp-image-575475\" src=\"https:\/\/www.europesays.com\/pt\/wp-content\/uploads\/2025\/09\/2d51fe4a0ba54894421ead1809309ed9-1-450x140.jpg\" alt=\"Subscreva a Newsletter ZAP\" width=\"450\" height=\"140\"\/>&#13;<br \/>\n    <\/a><\/p>\n<p>                <a href=\"https:\/\/whatsapp.com\/channel\/0029VaIC4EE2f3EJZPPSbR34\" data-wpel-link=\"external\" target=\"_blank\" rel=\"nofollow external noopener noreferrer\" class=\"ext-link\">&#13;<br \/>\n                    <img loading=\"lazy\" decoding=\"async\" class=\"aligncenter size-full wp-image-575475\" src=\"https:\/\/www.europesays.com\/pt\/wp-content\/uploads\/2025\/09\/c68c559d956d4ca20f435ed74a6e71e6.png\" alt=\"Siga-nos no WhatsApp\" width=\"175\" height=\"64\"\/>&#13;<br \/>\n                <\/a><\/p>\n<p>                <a href=\"https:\/\/news.google.com\/publications\/CAAiEHRwZondIV71PDjWNoqMduEqFAgKIhB0cGaJ3SFe9Tw41jaKjHbh?hl=en-US&amp;gl=US&amp;ceid=US%3Aen\" data-wpel-link=\"external\" target=\"_blank\" rel=\"nofollow external noopener noreferrer\" class=\"ext-link\">&#13;<br \/>\n                    <img loading=\"lazy\" decoding=\"async\" class=\"aligncenter size-full wp-image-575475\" src=\"https:\/\/www.europesays.com\/pt\/wp-content\/uploads\/2025\/09\/5123dd8b087b644fdb8f8603acd1bad4.png\" alt=\"Siga-nos no Google News\" width=\"176\" height=\"64\"\/>&#13;<br \/>\n                <\/a><\/p>\n","protected":false},"excerpt":{"rendered":"usgeologicalsurvey \/ Flickr Navio realizou uma expedi\u00e7\u00e3o durante um m\u00eas e meio \u2013 e encontrou algo que n\u00e3o&hellip;\n","protected":false},"author":2,"featured_media":71171,"comment_status":"","ping_status":"","sticky":false,"template":"","format":"standard","meta":{"footnotes":""},"categories":[50],"tags":[11579,4614,27,28,15,16,14,25,26,21,22,9496,62,12,13,19,20,23,24,17,18,29,30,31,63,64,65],"class_list":{"0":"post-71170","1":"post","2":"type-post","3":"status-publish","4":"format-standard","5":"has-post-thumbnail","7":"category-mundo","8":"tag-artico","9":"tag-biologia","10":"tag-breaking-news","11":"tag-breakingnews","12":"tag-featured-news","13":"tag-featurednews","14":"tag-headlines","15":"tag-latest-news","16":"tag-latestnews","17":"tag-main-news","18":"tag-mainnews","19":"tag-microbiologia","20":"tag-mundo","21":"tag-news","22":"tag-noticias","23":"tag-noticias-principais","24":"tag-noticiasprincipais","25":"tag-principais-noticias","26":"tag-principaisnoticias","27":"tag-top-stories","28":"tag-topstories","29":"tag-ultimas","30":"tag-ultimas-noticias","31":"tag-ultimasnoticias","32":"tag-world","33":"tag-world-news","34":"tag-worldnews"},"share_on_mastodon":{"url":"","error":""},"_links":{"self":[{"href":"https:\/\/www.europesays.com\/pt\/wp-json\/wp\/v2\/posts\/71170","targetHints":{"allow":["GET"]}}],"collection":[{"href":"https:\/\/www.europesays.com\/pt\/wp-json\/wp\/v2\/posts"}],"about":[{"href":"https:\/\/www.europesays.com\/pt\/wp-json\/wp\/v2\/types\/post"}],"author":[{"embeddable":true,"href":"https:\/\/www.europesays.com\/pt\/wp-json\/wp\/v2\/users\/2"}],"replies":[{"embeddable":true,"href":"https:\/\/www.europesays.com\/pt\/wp-json\/wp\/v2\/comments?post=71170"}],"version-history":[{"count":0,"href":"https:\/\/www.europesays.com\/pt\/wp-json\/wp\/v2\/posts\/71170\/revisions"}],"wp:featuredmedia":[{"embeddable":true,"href":"https:\/\/www.europesays.com\/pt\/wp-json\/wp\/v2\/media\/71171"}],"wp:attachment":[{"href":"https:\/\/www.europesays.com\/pt\/wp-json\/wp\/v2\/media?parent=71170"}],"wp:term":[{"taxonomy":"category","embeddable":true,"href":"https:\/\/www.europesays.com\/pt\/wp-json\/wp\/v2\/categories?post=71170"},{"taxonomy":"post_tag","embeddable":true,"href":"https:\/\/www.europesays.com\/pt\/wp-json\/wp\/v2\/tags?post=71170"}],"curies":[{"name":"wp","href":"https:\/\/api.w.org\/{rel}","templated":true}]}}