{"id":71184,"date":"2025-09-14T15:50:13","date_gmt":"2025-09-14T15:50:13","guid":{"rendered":"https:\/\/www.europesays.com\/pt\/71184\/"},"modified":"2025-09-14T15:50:13","modified_gmt":"2025-09-14T15:50:13","slug":"funeral-de-motociclista-de-22-anos-com-homenagem-a-paixao-pelas-duas-rodas-com-videos","status":"publish","type":"post","link":"https:\/\/www.europesays.com\/pt\/71184\/","title":{"rendered":"Funeral de motociclista de 22 anos com homenagem \u00e0 paix\u00e3o pelas duas rodas (com v\u00eddeos)"},"content":{"rendered":"\n<p class=\"p_0\">O funeral do jovem de 22 anos que faleceu na sequ\u00eancia de um acidente de mota na via expresso entre a Ribeira Brava e S\u00e3o Vicente foi marcado por uma homenagem \u00e0 sua paix\u00e3o pelos ve\u00edculos de duas rodas.<\/p>\n<p class=\"p_1\">Dezenas de pessoas, entre amigos e familiares do jovem, reuniram-se com as suas motas, realizando voltas em c\u00edrculo e acelerando, com os aplausos a surgirem entre o ru\u00eddo dos motores que soaram junto ao local onde ocorreu o acidente que veio a revelar-se fatal. Os presentes vestiram-se de branco, alguns deles com o nome do jovem que faleceu a 10 de setembro na sua t-shirt.<\/p>\n<p class=\"p_2\">Na quarta-feira, o motociclista ter\u00e1 embatido num outro ve\u00edculo e foi projetado contra um dos pilares que sustentam a via expresso. Apesar de ter sido transportado de imediato para uma unidade hospitalar, n\u00e3o resistiu aos ferimentos.<\/p>\n","protected":false},"excerpt":{"rendered":"O funeral do jovem de 22 anos que faleceu na sequ\u00eancia de um acidente de mota na via&hellip;\n","protected":false},"author":2,"featured_media":71185,"comment_status":"","ping_status":"","sticky":false,"template":"","format":"standard","meta":{"footnotes":""},"categories":[10],"tags":[27,28,15,16,14,25,26,21,22,12,13,19,20,32,23,24,33,1180,17,18,29,30,31],"class_list":{"0":"post-71184","1":"post","2":"type-post","3":"status-publish","4":"format-standard","5":"has-post-thumbnail","7":"category-portugal","8":"tag-breaking-news","9":"tag-breakingnews","10":"tag-featured-news","11":"tag-featurednews","12":"tag-headlines","13":"tag-latest-news","14":"tag-latestnews","15":"tag-main-news","16":"tag-mainnews","17":"tag-news","18":"tag-noticias","19":"tag-noticias-principais","20":"tag-noticiasprincipais","21":"tag-portugal","22":"tag-principais-noticias","23":"tag-principaisnoticias","24":"tag-pt","25":"tag-redacao","26":"tag-top-stories","27":"tag-topstories","28":"tag-ultimas","29":"tag-ultimas-noticias","30":"tag-ultimasnoticias"},"share_on_mastodon":{"url":"","error":""},"_links":{"self":[{"href":"https:\/\/www.europesays.com\/pt\/wp-json\/wp\/v2\/posts\/71184","targetHints":{"allow":["GET"]}}],"collection":[{"href":"https:\/\/www.europesays.com\/pt\/wp-json\/wp\/v2\/posts"}],"about":[{"href":"https:\/\/www.europesays.com\/pt\/wp-json\/wp\/v2\/types\/post"}],"author":[{"embeddable":true,"href":"https:\/\/www.europesays.com\/pt\/wp-json\/wp\/v2\/users\/2"}],"replies":[{"embeddable":true,"href":"https:\/\/www.europesays.com\/pt\/wp-json\/wp\/v2\/comments?post=71184"}],"version-history":[{"count":0,"href":"https:\/\/www.europesays.com\/pt\/wp-json\/wp\/v2\/posts\/71184\/revisions"}],"wp:featuredmedia":[{"embeddable":true,"href":"https:\/\/www.europesays.com\/pt\/wp-json\/wp\/v2\/media\/71185"}],"wp:attachment":[{"href":"https:\/\/www.europesays.com\/pt\/wp-json\/wp\/v2\/media?parent=71184"}],"wp:term":[{"taxonomy":"category","embeddable":true,"href":"https:\/\/www.europesays.com\/pt\/wp-json\/wp\/v2\/categories?post=71184"},{"taxonomy":"post_tag","embeddable":true,"href":"https:\/\/www.europesays.com\/pt\/wp-json\/wp\/v2\/tags?post=71184"}],"curies":[{"name":"wp","href":"https:\/\/api.w.org\/{rel}","templated":true}]}}