{"id":71188,"date":"2025-09-14T15:54:07","date_gmt":"2025-09-14T15:54:07","guid":{"rendered":"https:\/\/www.europesays.com\/pt\/71188\/"},"modified":"2025-09-14T15:54:07","modified_gmt":"2025-09-14T15:54:07","slug":"a-agenda-e-gratis-e-para-toda-a-familia","status":"publish","type":"post","link":"https:\/\/www.europesays.com\/pt\/71188\/","title":{"rendered":"a agenda \u00e9 gr\u00e1tis e para toda a fam\u00edlia"},"content":{"rendered":"<p>A Biblioteca Nacional de Portugal abre portas para a quarta edi\u00e7\u00e3o da Festa dos Pequenos Leitores no terceiro s\u00e1bado de Setembro, dia 20. Al\u00e9m da habitual Feira do Livro, a programa\u00e7\u00e3o \u2013 totalmente gratuita \u2013 inclui muitas outras coisas para fazer, sobretudo para os mais novos, at\u00e9 aos 12 anos. As celebra\u00e7\u00f5es come\u00e7am \u00e0s 10.30 e s\u00f3 terminam pelas 18.00.<\/p>\n<p>\u201cValorizar a diversidade dos livros e dos leitores \u00e9 mostrar que os livros t\u00eam muitos formatos, podem ser desenhados, ou n\u00e3o, escritos em caracteres musicais ou em braille e saber que existem leitores especiais que n\u00e3o precisam de \u00f3culos para ler, pois para eles \u00e9 suficiente a ponta dos dedos\u201d, antecipa Cristina Gouveia, do Servi\u00e7o de Actividades Culturais e Rela\u00e7\u00f5es P\u00fablicas da BNP.<\/p>\n<p>O concerto de abertura, com a orquestra de percuss\u00e3o Bardoada \u2013 Grupo do Sarrafo, acontece \u00e0s 10.30, nos jardins. Depois, est\u00e3o previstas desde visitas guiadas \u2013 incluindo ao \u201cHospital dos Livros\u201d, para ficar a saber mais sobre restauro e conserva\u00e7\u00e3o \u2013, at\u00e9 oficinas para p\u00f4r m\u00e3os \u00e0s obras, como a de Raquel Costa, autora de <a href=\"https:\/\/www.timeout.pt\/lisboa\/pt\/noticias\/sao-cravos-senhoras-e-um-livro-sobre-a-condicao-feminina-033124\" rel=\"nofollow noopener\" target=\"_blank\">25 Mulheres<\/a>. Acontece \u00e0s 14.30 e \u00e9 para crian\u00e7as dos 9 aos 12 anos.<\/p>\n<p>Para os mais pequeninos, h\u00e1 sess\u00f5es de hist\u00f3rias, \u00e0s 11.00, \u00e0s 15.00 e \u00e0s 16.00. J\u00e1 a partir dos seis anos, destaca-se a micro-oficina \u201cCorta &amp; Conta\u201d, que convida as crian\u00e7as a criar o seu pr\u00f3prio livro de hist\u00f3rias, a partir das 17.00, mesmo antes do encerramento da festa com um concerto interactivo do Trio de Madeiras MPMP.<\/p>\n<p>Quanto \u00e0 exposi\u00e7\u00e3o que d\u00e1 o mote \u00e0 festa deste ano, e que foi comissariada por Sara Figueiredo Costa, Cristina avan\u00e7a que o tema \u00e9 \u201cA Viagem\u201d. \u201cPorque viajar \u00e9 algo que mi\u00fados e gra\u00fados gostam e pode ser tudo o que se quiser que seja. A viagem tanto pode ser um grande abra\u00e7o, onde tudo cabe, como pode acontecer num universo imagin\u00e1rio, num planeta que ambicionamos visitar ou num mundo onde gostar\u00edamos que todos pudessem viver. Pode ser feita cruzando mares e rios, seguindo por estradas, circulando em carris, planando no ar ou, muitas vezes, lendo um livro. A viagem pode ser tudo o que se entender dever ser, que o digam todos aqueles que j\u00e1 escreveram, desenharam e leram sobre o assunto.\u201d<\/p>\n<p>E, por falar em viajar atrav\u00e9s dos livros, se for mesmo s\u00f3 para abastecer as estantes dos mi\u00fados, fique a saber que entre os editores presentes encontrar\u00e1, por exemplo, a Baob\u00e1 Livraria, a Casa Nic e In\u00eas, os Livros Horizonte, a Penguin e a Pato L\u00f3gico, bem como autores independentes como Marco Taylor e Pri Ballarin.<\/p>\n<p>A entrada \u00e9 livre, mas algumas actividades, como as visitas e oficinas, est\u00e3o sujeitas a inscri\u00e7\u00e3o presencial, no pr\u00f3prio dia, e limitadas aos lugares dispon\u00edveis. Pelo meio, haver\u00e1 pausa para almo\u00e7o: a equipa da BPN sugere um piquenique no jardim. Basta levar merenda. E, se n\u00e3o quiser mesmo perder pitada, a agenda completa pode ser consultada no <a href=\"https:\/\/www.bnportugal.gov.pt\/index.php?option=com_content&amp;view=article&amp;id=1938%3A3-edicao-festa-dos-pequenos-leitores-12-outubro-24&amp;catid=175%3A2024&amp;lang=pt\" rel=\"nofollow noopener\" target=\"_blank\">site da Biblioteca<\/a>.<\/p>\n<p>Biblioteca Nacional de Portugal. 20 de Setembro, S\u00e1b 10.00-18.00.\u00a0Entrada livre<\/p>\n<p><strong>\ud83c\udfc3 O \u00faltimo \u00e9 um ovo podre: cruze a meta no\u00a0<\/strong><a href=\"https:\/\/www.facebook.com\/TimeOutLisboa\" rel=\"nofollow noopener\" target=\"_blank\"><strong>Facebook<\/strong><\/a><strong>,\u00a0<\/strong><a href=\"https:\/\/www.instagram.com\/timeoutlisboa\/\" rel=\"nofollow noopener\" target=\"_blank\"><strong>Instagram<\/strong><\/a><strong>\u00a0e\u00a0<\/strong><a href=\"https:\/\/whatsapp.com\/channel\/0029VaImNsW6LwHeF5LgS52C\" rel=\"nofollow noopener\" target=\"_blank\"><strong>Whatsapp<\/strong><\/a><\/p>\n<p><script async src=\"\/\/www.instagram.com\/embed.js\"><\/script><\/p>\n","protected":false},"excerpt":{"rendered":"A Biblioteca Nacional de Portugal abre portas para a quarta edi\u00e7\u00e3o da Festa dos Pequenos Leitores no terceiro&hellip;\n","protected":false},"author":2,"featured_media":71189,"comment_status":"","ping_status":"","sticky":false,"template":"","format":"standard","meta":{"footnotes":""},"categories":[143],"tags":[169,18740,114,115,170,18739,18741,32,33],"class_list":{"0":"post-71188","1":"post","2":"type-post","3":"status-publish","4":"format-standard","5":"has-post-thumbnail","7":"category-livros","8":"tag-books","9":"tag-categorias-miudos","10":"tag-entertainment","11":"tag-entretenimento","12":"tag-livros","13":"tag-miudos","14":"tag-noticias-criancas","15":"tag-portugal","16":"tag-pt"},"share_on_mastodon":{"url":"","error":""},"_links":{"self":[{"href":"https:\/\/www.europesays.com\/pt\/wp-json\/wp\/v2\/posts\/71188","targetHints":{"allow":["GET"]}}],"collection":[{"href":"https:\/\/www.europesays.com\/pt\/wp-json\/wp\/v2\/posts"}],"about":[{"href":"https:\/\/www.europesays.com\/pt\/wp-json\/wp\/v2\/types\/post"}],"author":[{"embeddable":true,"href":"https:\/\/www.europesays.com\/pt\/wp-json\/wp\/v2\/users\/2"}],"replies":[{"embeddable":true,"href":"https:\/\/www.europesays.com\/pt\/wp-json\/wp\/v2\/comments?post=71188"}],"version-history":[{"count":0,"href":"https:\/\/www.europesays.com\/pt\/wp-json\/wp\/v2\/posts\/71188\/revisions"}],"wp:featuredmedia":[{"embeddable":true,"href":"https:\/\/www.europesays.com\/pt\/wp-json\/wp\/v2\/media\/71189"}],"wp:attachment":[{"href":"https:\/\/www.europesays.com\/pt\/wp-json\/wp\/v2\/media?parent=71188"}],"wp:term":[{"taxonomy":"category","embeddable":true,"href":"https:\/\/www.europesays.com\/pt\/wp-json\/wp\/v2\/categories?post=71188"},{"taxonomy":"post_tag","embeddable":true,"href":"https:\/\/www.europesays.com\/pt\/wp-json\/wp\/v2\/tags?post=71188"}],"curies":[{"name":"wp","href":"https:\/\/api.w.org\/{rel}","templated":true}]}}