{"id":71315,"date":"2025-09-14T18:05:11","date_gmt":"2025-09-14T18:05:11","guid":{"rendered":"https:\/\/www.europesays.com\/pt\/71315\/"},"modified":"2025-09-14T18:05:11","modified_gmt":"2025-09-14T18:05:11","slug":"flotilha-humanitaria-adia-partida-de-tunes-para-gaza","status":"publish","type":"post","link":"https:\/\/www.europesays.com\/pt\/71315\/","title":{"rendered":"Flotilha humanit\u00e1ria adia partida de Tunes para Gaza"},"content":{"rendered":"<p>&#13;<br \/>\nA Flotilha Global Sumud (GSF, na sigla em ingl\u00eas) informou atrav\u00e9s de um comunicado que 18 navios partiram este s\u00e1bado de It\u00e1lia e que os que se encontram na Tun\u00edsia &#8220;zarpar\u00e3o amanh\u00e3&#8221; [hoje, domingo] para se juntarem em alto mar e navegarem juntos na &#8220;maior miss\u00e3o mar\u00edtima para Gaza&#8221; para levar ajuda humanit\u00e1ria.&#13;\n<\/p>\n<p>&#13;<br \/>\nOs navios que partiram no in\u00edcio do m\u00eas de Barcelona fizeram escala na \u00fatima semana na Tun\u00edsia para se juntarem ao resto das delega\u00e7\u00f5es do Magrebe, mas a partida conjunta foi sendo adiada por v\u00e1rios motivos.&#13;\n<\/p>\n<p>&#13;<br \/>\nOs organizadores atribu\u00edram os atrasos anteriores \u00e0 situa\u00e7\u00e3o meteorol\u00f3gica e a problemas log\u00edsticos, mas n\u00e3o revelaram as raz\u00f5es deste novo adiamento. &#13;\n<\/p>\n<p>&#13;<br \/>\nAs embarca\u00e7\u00f5es que se reuniram em It\u00e1lia, que tamb\u00e9m enfrentaram atrasos, partiram finalmente este s\u00e1bado da ilha da Sic\u00edlia (sul) para se juntarem \u00e0s restantes delega\u00e7\u00f5es em alto mar e rumarem juntos em dire\u00e7\u00e3o a Gaza. &#13;\n<\/p>\n<p>&#13;<br \/>\nA flotilha enfrentou v\u00e1rios contratempos durante a paragem nos portos tunisinos, com os seus membros a denunciarem dois ataques &#8220;com drones&#8221; contra os navios &#8220;Fam\u00edlia&#8221;, de bandeira portuguesa e onde viajam elementos da organiza\u00e7\u00e3o, e &#8220;Alma&#8221;, de bandeira brit\u00e2nica, em pouco mais de 24 horas. &#13;\n<\/p>\n<p>&#13;<br \/>\nAs autoridades tunisinas declararam na quarta-feira que o segundo ataque foi &#8220;premeditado&#8221;, depois de terem descartado que o primeiro fosse um &#8220;ato hostil&#8221; levado a cabo por drones, mas as investiga\u00e7\u00f5es continuam. &#13;\n<\/p>\n<p>&#13;<br \/>\nOs navios, onde viajam ativistas de mais de quarenta nacionalidades &#8211; entre os quais a ecologista sueca Greta Thunberg e, de Portugal, Mariana Mort\u00e1gua, Sofia Apar\u00edcio e Miguel Duarte -, transportam alimentos e medicamentos destinados \u00e0 popula\u00e7\u00e3o de Gaza.&#13;\n<\/p>\n<p>&#13;<br \/>\nO objetivo da Flotilha Global Sumud &#8211; que significa resili\u00eancia, em \u00e1rabe &#8212; \u00e9 o de concretizar uma a\u00e7\u00e3o simb\u00f3lica que d\u00ea visibilidade \u00e0 situa\u00e7\u00e3o humanit\u00e1ria na Faixa de Gaza e permita desbloquear o cerco restritivo \u00e0 chegada de ajuda humanit\u00e1ria imposto por Israel.&#13;\n<\/p>\n<p>&#13;<br \/>\nAs for\u00e7as israelitas t\u00eam em curso uma ofensiva na Faixa de Gaza que causou mais de 64.600 mortos no territ\u00f3rio governado pelo Hamas desde 2007.&#13;\n<\/p>\n<p>&#13;<br \/>\nA ofensiva seguiu-se ao ataque do Hamas no sul de Israel, em 07 de outubro de 2023, que provocou cerca de 1.200 mortos e 251 ref\u00e9ns.&#13;<\/p>\n","protected":false},"excerpt":{"rendered":"&#13; A Flotilha Global Sumud (GSF, na sigla em ingl\u00eas) informou atrav\u00e9s de um comunicado que 18 navios&hellip;\n","protected":false},"author":2,"featured_media":71316,"comment_status":"","ping_status":"","sticky":false,"template":"","format":"standard","meta":{"footnotes":""},"categories":[50],"tags":[27,28,5719,15,16,16026,15056,255,14,259,25,26,21,22,62,12,13,19,20,23,24,7301,17,18,17700,29,30,31,63,64,65],"class_list":{"0":"post-71315","1":"post","2":"type-post","3":"status-publish","4":"format-standard","5":"has-post-thumbnail","7":"category-mundo","8":"tag-breaking-news","9":"tag-breakingnews","10":"tag-faixa","11":"tag-featured-news","12":"tag-featurednews","13":"tag-flotilha","14":"tag-greta-thunberg","15":"tag-hamas","16":"tag-headlines","17":"tag-israel","18":"tag-latest-news","19":"tag-latestnews","20":"tag-main-news","21":"tag-mainnews","22":"tag-mundo","23":"tag-news","24":"tag-noticias","25":"tag-noticias-principais","26":"tag-noticiasprincipais","27":"tag-principais-noticias","28":"tag-principaisnoticias","29":"tag-sicilia","30":"tag-top-stories","31":"tag-topstories","32":"tag-tunes","33":"tag-ultimas","34":"tag-ultimas-noticias","35":"tag-ultimasnoticias","36":"tag-world","37":"tag-world-news","38":"tag-worldnews"},"share_on_mastodon":{"url":"","error":""},"_links":{"self":[{"href":"https:\/\/www.europesays.com\/pt\/wp-json\/wp\/v2\/posts\/71315","targetHints":{"allow":["GET"]}}],"collection":[{"href":"https:\/\/www.europesays.com\/pt\/wp-json\/wp\/v2\/posts"}],"about":[{"href":"https:\/\/www.europesays.com\/pt\/wp-json\/wp\/v2\/types\/post"}],"author":[{"embeddable":true,"href":"https:\/\/www.europesays.com\/pt\/wp-json\/wp\/v2\/users\/2"}],"replies":[{"embeddable":true,"href":"https:\/\/www.europesays.com\/pt\/wp-json\/wp\/v2\/comments?post=71315"}],"version-history":[{"count":0,"href":"https:\/\/www.europesays.com\/pt\/wp-json\/wp\/v2\/posts\/71315\/revisions"}],"wp:featuredmedia":[{"embeddable":true,"href":"https:\/\/www.europesays.com\/pt\/wp-json\/wp\/v2\/media\/71316"}],"wp:attachment":[{"href":"https:\/\/www.europesays.com\/pt\/wp-json\/wp\/v2\/media?parent=71315"}],"wp:term":[{"taxonomy":"category","embeddable":true,"href":"https:\/\/www.europesays.com\/pt\/wp-json\/wp\/v2\/categories?post=71315"},{"taxonomy":"post_tag","embeddable":true,"href":"https:\/\/www.europesays.com\/pt\/wp-json\/wp\/v2\/tags?post=71315"}],"curies":[{"name":"wp","href":"https:\/\/api.w.org\/{rel}","templated":true}]}}