{"id":71317,"date":"2025-09-14T18:06:28","date_gmt":"2025-09-14T18:06:28","guid":{"rendered":"https:\/\/www.europesays.com\/pt\/71317\/"},"modified":"2025-09-14T18:06:28","modified_gmt":"2025-09-14T18:06:28","slug":"limite-de-velocidade-na-a25-passou-de-120-para-100-km-h","status":"publish","type":"post","link":"https:\/\/www.europesays.com\/pt\/71317\/","title":{"rendered":"Limite de velocidade na A25 passou de 120 para 100 km\/h?"},"content":{"rendered":"<p>Esta semana, quase de forma surpreendente, debateu-se a redu\u00e7\u00e3o de limite de velocidade na A25 que passou de 120 para 100 km\/h. Mas afinal o que se passa?<\/p>\n<p><a target=\"_blank\" href=\"https:\/\/pplware.sapo.pt\/wp-content\/uploads\/2025\/09\/IMG_1239-1.jpg\" onclick=\"refreshIframe()\" class=\"foobox\" rel=\"nofollow noopener\"><img fetchpriority=\"high\" decoding=\"async\" src=\"https:\/\/www.europesays.com\/pt\/wp-content\/uploads\/2025\/09\/IMG_1239-1-720x405.jpg\" alt=\"Limite de velocidade na A25 passou de 120 para 100 km\/h?\" width=\"720\" height=\"405\" class=\"aligncenter wp-image-1078574 size-medium\"  \/><\/a><\/p>\n<p>Segundo not\u00edcias recentes do ACP, o limite de velocidade na autoestrada A25 em Portugal foi reduzido de 120 km\/h para 100 km\/h em todos os lan\u00e7os e sublan\u00e7os. A medida est\u00e1 a ser contestada intensamente pelos autarcas da Regi\u00e3o de Aveiro.<\/p>\n<p>A Comunidade Intermunicipal da Regi\u00e3o de Aveiro (CIRA) afirma que n\u00e3o foi previamente informada sobre a mudan\u00e7a.<\/p>\n<p>As not\u00edcias referem que \u201crecentemente\u201d ou \u201c\u00faltimos dias\u201d passou a existir esta mudan\u00e7a, mas, na verdade n\u00e3o h\u00e1 confirma\u00e7\u00e3o p\u00fablica de decreto ou despacho que fixe a data precisa.<\/p>\n<p><a target=\"_blank\" href=\"https:\/\/pplware.sapo.pt\/wp-content\/uploads\/2025\/09\/IMG_1779-1.jpg\" onclick=\"refreshIframe()\" class=\"foobox\" rel=\"nofollow noopener\"><img loading=\"lazy\" decoding=\"async\" src=\"https:\/\/www.europesays.com\/pt\/wp-content\/uploads\/2025\/09\/IMG_1779-1-720x405.jpg\" alt=\"Limite de velocidade na A25 passou de 120 para 100 km\/h?\" width=\"720\" height=\"405\" class=\"aligncenter wp-image-1078576 size-medium\"  \/><\/a><\/p>\n<p>Estado atual da A25 &#8211; Limites a 100 km\/h<\/p>\n<p>A limita\u00e7\u00e3o de 100 km\/h na A25 j\u00e1 existem em v\u00e1rios tro\u00e7os.<\/p>\n<ul>\n<li><strong>Entre Guarda e Celorico da Beira<\/strong>: quase sempre limitado a 100 km\/h, com apenas um pequeno tro\u00e7o a 120 km\/h.<\/li>\n<li><strong>Depois de Celorico<\/strong>: volta rapidamente aos 100 km\/h at\u00e9 entrar no distrito de Viseu, onde o limite estabiliza nos 120 km\/h.<\/li>\n<li><strong>Pontos espec\u00edficos<\/strong>: ponte do C\u00f4a, subida da Ribeira das Cabras e algumas curvas sinalizadas com 100 km\/h, mesmo que a geometria da via pare\u00e7a permitir mais.<\/li>\n<\/ul>\n<p>Segundo as not\u00edcias, aparentemente as mudan\u00e7as s\u00f3 ir\u00e3o acontecer na regi\u00e3o de Aveiro, apesar de alguns meios referirem que em todos os lan\u00e7os e sublan\u00e7os da A25 ser\u00e3o abrangidos.<\/p>\n","protected":false},"excerpt":{"rendered":"Esta semana, quase de forma surpreendente, debateu-se a redu\u00e7\u00e3o de limite de velocidade na A25 que passou de&hellip;\n","protected":false},"author":2,"featured_media":71318,"comment_status":"","ping_status":"","sticky":false,"template":"","format":"standard","meta":{"footnotes":""},"categories":[10],"tags":[18990,27,28,15,16,14,25,26,21,22,12,13,19,20,32,23,24,33,17,18,29,30,31],"class_list":{"0":"post-71317","1":"post","2":"type-post","3":"status-publish","4":"format-standard","5":"has-post-thumbnail","7":"category-portugal","8":"tag-a25","9":"tag-breaking-news","10":"tag-breakingnews","11":"tag-featured-news","12":"tag-featurednews","13":"tag-headlines","14":"tag-latest-news","15":"tag-latestnews","16":"tag-main-news","17":"tag-mainnews","18":"tag-news","19":"tag-noticias","20":"tag-noticias-principais","21":"tag-noticiasprincipais","22":"tag-portugal","23":"tag-principais-noticias","24":"tag-principaisnoticias","25":"tag-pt","26":"tag-top-stories","27":"tag-topstories","28":"tag-ultimas","29":"tag-ultimas-noticias","30":"tag-ultimasnoticias"},"share_on_mastodon":{"url":"","error":""},"_links":{"self":[{"href":"https:\/\/www.europesays.com\/pt\/wp-json\/wp\/v2\/posts\/71317","targetHints":{"allow":["GET"]}}],"collection":[{"href":"https:\/\/www.europesays.com\/pt\/wp-json\/wp\/v2\/posts"}],"about":[{"href":"https:\/\/www.europesays.com\/pt\/wp-json\/wp\/v2\/types\/post"}],"author":[{"embeddable":true,"href":"https:\/\/www.europesays.com\/pt\/wp-json\/wp\/v2\/users\/2"}],"replies":[{"embeddable":true,"href":"https:\/\/www.europesays.com\/pt\/wp-json\/wp\/v2\/comments?post=71317"}],"version-history":[{"count":0,"href":"https:\/\/www.europesays.com\/pt\/wp-json\/wp\/v2\/posts\/71317\/revisions"}],"wp:featuredmedia":[{"embeddable":true,"href":"https:\/\/www.europesays.com\/pt\/wp-json\/wp\/v2\/media\/71318"}],"wp:attachment":[{"href":"https:\/\/www.europesays.com\/pt\/wp-json\/wp\/v2\/media?parent=71317"}],"wp:term":[{"taxonomy":"category","embeddable":true,"href":"https:\/\/www.europesays.com\/pt\/wp-json\/wp\/v2\/categories?post=71317"},{"taxonomy":"post_tag","embeddable":true,"href":"https:\/\/www.europesays.com\/pt\/wp-json\/wp\/v2\/tags?post=71317"}],"curies":[{"name":"wp","href":"https:\/\/api.w.org\/{rel}","templated":true}]}}