{"id":71319,"date":"2025-09-14T18:13:09","date_gmt":"2025-09-14T18:13:09","guid":{"rendered":"https:\/\/www.europesays.com\/pt\/71319\/"},"modified":"2025-09-14T18:13:09","modified_gmt":"2025-09-14T18:13:09","slug":"ticiane-pinheiro-revela-se-ira-se-mudar-com-cesar-tralli","status":"publish","type":"post","link":"https:\/\/www.europesays.com\/pt\/71319\/","title":{"rendered":"Ticiane Pinheiro revela se ir\u00e1 se mudar com C\u00e9sar Tralli"},"content":{"rendered":"<p>A atriz <a href=\"https:\/\/caras.com.br\/tags\/ticiane-pinheiro_1\" rel=\"nofollow noopener\" target=\"_blank\"><strong>Ticiane Pinheiro<\/strong><\/a> aproveitou seu s\u00e1bado, 13, no The Town, em S\u00e3o Paulo. A famosa comentou sobre a mudan\u00e7a de <strong><a href=\"https:\/\/caras.com.br\/tags\/cesar-tralli\" rel=\"nofollow noopener\" target=\"_blank\">C\u00e9sar Tralli<\/a><\/strong> para o Rio de Janeiro, para assumir o Jornal Nacional em novembro. Ela contou que, apesar da surpresa, tudo \u00e9 uma quest\u00e3o de adapta\u00e7\u00e3o.<\/p>\n<p>A famosa contou que ainda n\u00e3o tem certeza do que pode acontecer no futuro.\u201cComo foi tudo muito r\u00e1pido, a gente ainda est\u00e1 conversando, se entendendo. Num primeiro instante, sentimos felicidade pelo sucesso dele. Ele merece muito, \u00e9 um cara muito trabalhador, ent\u00e3o j\u00e1 estou muito feliz com isso\u201d, revelou a famosa em entrevista coletiva durante o festival.<\/p>\n<p>Ticiane revelou a possibilidade de um relacionamento \u00e0 dist\u00e2ncia, ao menos no in\u00edcio da mudan\u00e7a. \u201cA princ\u00edpio ele est\u00e1 indo mesmo j\u00e1 esse ano, e todo final de semana ele vai vir para S\u00e3o Paulo ficar com a gente, porque a gente \u00e9 uma fam\u00edlia muito unida. Minha vida est\u00e1 aqui [em S\u00e3o Paulo], continuo trabalhando, meu contrato com a Record vai at\u00e9 dezembro, e as meninas est\u00e3o na escola\u201d, contou ela.<\/p>\n<p>A m\u00e3e de <a href=\"https:\/\/caras.com.br\/tags\/rafaella-justus\" rel=\"nofollow noopener\" target=\"_blank\"><strong>Rafaella Justus<\/strong><\/a> deixou claro que far\u00e1 o que for melhor para as filhas, e quer estar presente em cada momento, uma vez que a mais velha est\u00e1 terminando o ensino m\u00e9dio. \u201cAinda \u00e9 muito cedo para falar. Tudo vai ser uma adapta\u00e7\u00e3o. At\u00e9 porque a Rafa [Justus] termina o pen\u00faltimo ano dela em junho do ano que vem e da\u00ed j\u00e1 \u00e9 o \u00faltimo ano para ela ir para a faculdade\u201d, declarou ela.<\/p>\n<p>Segundo ela, os planos ir\u00e3o se formar com o tempo e dependem da adapta\u00e7\u00e3o do casal com os novos ajustes. \u201cNada como o dia a dia para a gente decidir isso, para ver o que vai acontecer, como vai ser a saudade\u201d, finalizou Ticiane Pinheiro sobre C\u00e9sar Tralli.<\/p>\n<p><strong>Leia tamb\u00e9m:\u00a0<\/strong><a href=\"https:\/\/caras.com.br\/kids\/ticiane-pinheiro-tem-susto-com-filha-cacula-torceu-o-pe.phtml\" rel=\"nofollow noopener\" target=\"_blank\">Ticiane Pinheiro tem susto com a filha ca\u00e7ula: \u2018Torceu o p\u00e9\u2019<\/a><\/p>\n<p>        <a href=\"https:\/\/caras.com.br\/autor\/giovanna-f-campos\" rel=\"nofollow noopener\" target=\"_blank\">&#13;<br \/>\n          <img loading=\"lazy\" alt=\"Giovanna F Campos\" src=\"https:\/\/www.europesays.com\/pt\/wp-content\/uploads\/2025\/09\/1757873589_294_650041b720704d2ee849953a9a41e0239673e5774f833f28a73298553863a589\"  class=\"avatar avatar-115 photo rounded-circle mr-3\" height=\"115\" width=\"115\" decoding=\"async\"\/>        <\/a><\/p>\n<p><strong>Giovanna F Campos<\/strong> \u00e9 estudante de jornalismo pela Faculdade C\u00e1sper L\u00edbero, apaixonada por entretenimento e literatura.<\/p>\n","protected":false},"excerpt":{"rendered":"A atriz Ticiane Pinheiro aproveitou seu s\u00e1bado, 13, no The Town, em S\u00e3o Paulo. A famosa comentou sobre&hellip;\n","protected":false},"author":2,"featured_media":71320,"comment_status":"","ping_status":"","sticky":false,"template":"","format":"standard","meta":{"footnotes":""},"categories":[145],"tags":[211,210,4557,114,115,2515,32,33,2326,4787],"class_list":{"0":"post-71319","1":"post","2":"type-post","3":"status-publish","4":"format-standard","5":"has-post-thumbnail","7":"category-celebridades","8":"tag-celebridades","9":"tag-celebrities","10":"tag-cesar-tralli","11":"tag-entertainment","12":"tag-entretenimento","13":"tag-jornal-nacional","14":"tag-portugal","15":"tag-pt","16":"tag-rio-de-janeiro","17":"tag-ticiane-pinheiro"},"share_on_mastodon":{"url":"","error":""},"_links":{"self":[{"href":"https:\/\/www.europesays.com\/pt\/wp-json\/wp\/v2\/posts\/71319","targetHints":{"allow":["GET"]}}],"collection":[{"href":"https:\/\/www.europesays.com\/pt\/wp-json\/wp\/v2\/posts"}],"about":[{"href":"https:\/\/www.europesays.com\/pt\/wp-json\/wp\/v2\/types\/post"}],"author":[{"embeddable":true,"href":"https:\/\/www.europesays.com\/pt\/wp-json\/wp\/v2\/users\/2"}],"replies":[{"embeddable":true,"href":"https:\/\/www.europesays.com\/pt\/wp-json\/wp\/v2\/comments?post=71319"}],"version-history":[{"count":0,"href":"https:\/\/www.europesays.com\/pt\/wp-json\/wp\/v2\/posts\/71319\/revisions"}],"wp:featuredmedia":[{"embeddable":true,"href":"https:\/\/www.europesays.com\/pt\/wp-json\/wp\/v2\/media\/71320"}],"wp:attachment":[{"href":"https:\/\/www.europesays.com\/pt\/wp-json\/wp\/v2\/media?parent=71319"}],"wp:term":[{"taxonomy":"category","embeddable":true,"href":"https:\/\/www.europesays.com\/pt\/wp-json\/wp\/v2\/categories?post=71319"},{"taxonomy":"post_tag","embeddable":true,"href":"https:\/\/www.europesays.com\/pt\/wp-json\/wp\/v2\/tags?post=71319"}],"curies":[{"name":"wp","href":"https:\/\/api.w.org\/{rel}","templated":true}]}}