{"id":71321,"date":"2025-09-14T18:16:20","date_gmt":"2025-09-14T18:16:20","guid":{"rendered":"https:\/\/www.europesays.com\/pt\/71321\/"},"modified":"2025-09-14T18:16:20","modified_gmt":"2025-09-14T18:16:20","slug":"saiba-tudo-sobre-o-livro-lido-por-odete-roitman-em-vale-tudo-que-viralizou-na-web","status":"publish","type":"post","link":"https:\/\/www.europesays.com\/pt\/71321\/","title":{"rendered":"Saiba tudo sobre o livro lido por Odete Roitman em \u2018Vale Tudo\u2019 que viralizou na web"},"content":{"rendered":"<p data-start=\"89\" data-end=\"451\">No cap\u00edtulo do remake da novela \u201c<strong>Vale Tudo\u201d<\/strong>, da <strong>TV<\/strong> <strong>Globo<\/strong>, exibido no \u00faltimo dia 6 de setembro, a personagem<strong> Odete Roitman<\/strong>, vivida por<strong> D\u00e9bora Bloch<\/strong>, foi flagrada lendo <strong>O Perigo de Estar L\u00facida<\/strong>, de <strong>Rosa Montero<\/strong>. A cena rapidamente repercutiu nas redes sociais e provocou um aumento significativo nas vendas do livro, que passou a figurar entre os mais procurados do pa\u00eds.<\/p>\n<p data-start=\"453\" data-end=\"837\">Publicado no Brasil pela editora Todavia em 2023, O Perigo de Estar L\u00facida traz a reflex\u00e3o da autora espanhola sobre a rela\u00e7\u00e3o entre criatividade e instabilidade mental. A obra combina elementos de ensaio e fic\u00e7\u00e3o, apoiando-se tanto na experi\u00eancia pessoal de Montero quanto em estudos de psicologia, neuroci\u00eancia, literatura e relatos de grandes escritores, artistas e pensadores.<\/p>\n<p data-start=\"839\" data-end=\"1177\">Com 272 p\u00e1ginas, o livro oferece uma explora\u00e7\u00e3o detalhada sobre o funcionamento do c\u00e9rebro durante o processo criativo, destacando fatores que influenciam a produ\u00e7\u00e3o art\u00edstica. A abordagem sobre o v\u00ednculo entre genialidade e loucura dialoga diretamente com a personagem Odete Roitman, famosa por sua personalidade complexa e intrigante.<\/p>\n<p data-start=\"1179\" data-end=\"1568\">Dispon\u00edvel na Amazon por R$ 53, o livro recebe 77% de avalia\u00e7\u00f5es consideradas \u00f3timas. Segundo uma leitora, \u201ca obra aborda a conex\u00e3o entre criatividade, psicologia e solid\u00e3o, especialmente em quem trabalha em \u00e1reas criativas. A autora alterna relatos pessoais com hist\u00f3rias de outros escritores, mostrando como a criatividade muitas vezes se aproxima da instabilidade emocional e mental.\u201d<\/p>\n<p data-start=\"1570\" data-end=\"1786\">A presen\u00e7a de O Perigo de Estar L\u00facida na novela n\u00e3o s\u00f3 alavancou suas vendas como tamb\u00e9m despertou a curiosidade de leitores interessados em compreender os limites entre a genialidade e a vulnerabilidade mental.<\/p>\n<p data-start=\"1184\" data-end=\"1384\"><img loading=\"lazy\" decoding=\"async\" class=\"\" src=\"https:\/\/www.europesays.com\/pt\/wp-content\/uploads\/2025\/09\/1757873779_255_whatsapp-image-2025-09-07-at-16.09.07.jpg\" alt=\"Odete Roitman (D\u00e9bora Bloch) aparece lendo 'O Perigo de Estar L\u00facida' no The Town\" width=\"1086\" height=\"736\" title=\"Saiba tudo sobre o livro lido por Odete Roitman em 'Vale Tudo' que viralizou na web 3\"\/><\/p>\n<p>O livro<\/p>\n<p data-start=\"178\" data-end=\"544\"><strong data-start=\"178\" data-end=\"206\">O Perigo de Estar L\u00facida<\/strong>, de <strong>Rosa Montero<\/strong>, combina ensaio, narrativa pessoal e fic\u00e7\u00e3o para explorar de forma profunda a rela\u00e7\u00e3o entre criatividade e sa\u00fade mental. A autora parte de sua pr\u00f3pria viv\u00eancia com crises de p\u00e2nico para ampliar a reflex\u00e3o, incorporando pesquisas cient\u00edficas e hist\u00f3rias de escritores famosos que tamb\u00e9m lidaram com transtornos ps\u00edquicos.<\/p>\n<p data-start=\"546\" data-end=\"994\">Montero desafia a no\u00e7\u00e3o de \u201cnormalidade\u201d, mostrando que ela \u00e9 mais uma constru\u00e7\u00e3o cultural e social do que uma realidade objetiva. Ela prop\u00f5e que artistas, muitas vezes rotulados como \u201cloucos\u201d, podem simplesmente ter uma maneira diferente de perceber e interagir com o mundo. Segundo a autora, experi\u00eancias intensas e, por vezes, dolorosas s\u00e3o frequentemente catalisadores da criatividade, podendo gerar tanto sofrimento quanto express\u00e3o art\u00edstica.<\/p>\n<p data-start=\"996\" data-end=\"1396\">A obra tamb\u00e9m discute a forma como a sociedade encara a sa\u00fade mental, especialmente no caso das mulheres, historicamente mais sujeitas a diagn\u00f3sticos psiqui\u00e1tricos e ao confinamento em institui\u00e7\u00f5es. Montero sugere que a repress\u00e3o da express\u00e3o feminina e a press\u00e3o para se conformar a padr\u00f5es r\u00edgidos contribuem para o sofrimento mental, mas paradoxalmente tamb\u00e9m podem alimentar a produ\u00e7\u00e3o art\u00edstica.<\/p>\n<p data-start=\"1398\" data-end=\"1705\">No plano estil\u00edstico, Montero utiliza uma linguagem clara e envolvente, mesclando reflex\u00f5es profundas com experi\u00eancias pessoais e refer\u00eancias liter\u00e1rias. Isso faz com que a leitura seja informativa e emocionalmente impactante, permitindo ao leitor uma conex\u00e3o genu\u00edna com as ideias e viv\u00eancias apresentadas.<\/p>\n<p data-start=\"1707\" data-end=\"1967\">Em suma, O Perigo de Estar L\u00facida convida a uma reflex\u00e3o sobre a complexa intera\u00e7\u00e3o entre mente, sofrimento ps\u00edquico e criatividade. Rosa Montero oferece um olhar \u00fanico e intimista sobre como nossas experi\u00eancias internas moldam a arte e a express\u00e3o humana.<\/p>\n<p data-start=\"2408\" data-end=\"2706\"><img decoding=\"async\" src=\"https:\/\/www.europesays.com\/pt\/wp-content\/uploads\/2025\/09\/GioSPZGXYAAYOUH.jpg\" alt=\"kindle da ana on X: &quot;Livro: O Perigo de Estar L\u00facida Autora: Rosa Montero Formato: EPUB Leia agora: https:\/\/t.co\/OOkve1Uxmx https:\/\/t.co\/hfw1oeyyBM&quot; \/ X\" title=\"Saiba tudo sobre o livro lido por Odete Roitman em 'Vale Tudo' que viralizou na web 4\"\/><\/p>\n","protected":false},"excerpt":{"rendered":"No cap\u00edtulo do remake da novela \u201cVale Tudo\u201d, da TV Globo, exibido no \u00faltimo dia 6 de setembro,&hellip;\n","protected":false},"author":2,"featured_media":71322,"comment_status":"","ping_status":"","sticky":false,"template":"","format":"standard","meta":{"footnotes":""},"categories":[142],"tags":[114,115,32,33,151],"class_list":{"0":"post-71321","1":"post","2":"type-post","3":"status-publish","4":"format-standard","5":"has-post-thumbnail","7":"category-tv","8":"tag-entertainment","9":"tag-entretenimento","10":"tag-portugal","11":"tag-pt","12":"tag-tv"},"share_on_mastodon":{"url":"","error":""},"_links":{"self":[{"href":"https:\/\/www.europesays.com\/pt\/wp-json\/wp\/v2\/posts\/71321","targetHints":{"allow":["GET"]}}],"collection":[{"href":"https:\/\/www.europesays.com\/pt\/wp-json\/wp\/v2\/posts"}],"about":[{"href":"https:\/\/www.europesays.com\/pt\/wp-json\/wp\/v2\/types\/post"}],"author":[{"embeddable":true,"href":"https:\/\/www.europesays.com\/pt\/wp-json\/wp\/v2\/users\/2"}],"replies":[{"embeddable":true,"href":"https:\/\/www.europesays.com\/pt\/wp-json\/wp\/v2\/comments?post=71321"}],"version-history":[{"count":0,"href":"https:\/\/www.europesays.com\/pt\/wp-json\/wp\/v2\/posts\/71321\/revisions"}],"wp:featuredmedia":[{"embeddable":true,"href":"https:\/\/www.europesays.com\/pt\/wp-json\/wp\/v2\/media\/71322"}],"wp:attachment":[{"href":"https:\/\/www.europesays.com\/pt\/wp-json\/wp\/v2\/media?parent=71321"}],"wp:term":[{"taxonomy":"category","embeddable":true,"href":"https:\/\/www.europesays.com\/pt\/wp-json\/wp\/v2\/categories?post=71321"},{"taxonomy":"post_tag","embeddable":true,"href":"https:\/\/www.europesays.com\/pt\/wp-json\/wp\/v2\/tags?post=71321"}],"curies":[{"name":"wp","href":"https:\/\/api.w.org\/{rel}","templated":true}]}}