{"id":71325,"date":"2025-09-14T18:18:22","date_gmt":"2025-09-14T18:18:22","guid":{"rendered":"https:\/\/www.europesays.com\/pt\/71325\/"},"modified":"2025-09-14T18:18:22","modified_gmt":"2025-09-14T18:18:22","slug":"viva-o-cinema-nossos-brinquedos-favoritos-estao-de-volta-reviva-a-magia-de-toy-story-nas-salas-da-moviecom","status":"publish","type":"post","link":"https:\/\/www.europesays.com\/pt\/71325\/","title":{"rendered":"Viva o cinema! \u00bb Nossos brinquedos favoritos est\u00e3o de volta. Reviva a magia de \u201cToy Story\u201d nas salas da Moviecom!"},"content":{"rendered":"<p><strong>Ao infinito e al\u00e9m\u2026<\/strong><\/p>\n<p>Prepare a pipoca e o cora\u00e7\u00e3o, porque <a style=\"color: #ffff00;\" href=\"https:\/\/moviecom.com.br\/?filmes=toy-story-1995-30-anos\" rel=\"nofollow noopener\" target=\"_blank\"><strong>Toy Story<\/strong><\/a><b>\u00a0<\/b>est\u00e1 de volta \u00e0s telonas! Em comemora\u00e7\u00e3o aos <strong>30 anos<\/strong> do primeiro longa-metragem da Pixar, o filme que revolucionou a anima\u00e7\u00e3o e conquistou o mundo retorna aos cinemas para uma temporada especial.<\/p>\n<p><img loading=\"lazy\" decoding=\"async\" class=\"aligncenter\" src=\"https:\/\/www.europesays.com\/pt\/wp-content\/uploads\/2025\/09\/1pFGRMwuVPcbk0fHeV5IFCj7w8W.jpg\" width=\"667\" height=\"375\"\/><\/p>\n<p>Lan\u00e7ado originalmente em 1995, Toy Story foi o primeiro longa-metragem totalmente feito em computa\u00e7\u00e3o gr\u00e1fica, abrindo um novo cap\u00edtulo na hist\u00f3ria do cinema. Sob dire\u00e7\u00e3o de John Lasseter, o filme apresentou personagens que se tornaram \u00edcones da cultura pop, como Woody, Buzz Lightyear, Sr. Cabe\u00e7a de Batata, Rex, Slinky e tantos outros brinquedos que ganharam vida e o cora\u00e7\u00e3o de milh\u00f5es de espectadores.<\/p>\n<p><img loading=\"lazy\" decoding=\"async\" class=\"aligncenter\" src=\"https:\/\/www.europesays.com\/pt\/wp-content\/uploads\/2025\/09\/bdTHB7F9ygghl8ieS6K2NjOTNLZ.jpg\" width=\"667\" height=\"375\"\/><\/p>\n<p>Mais do que um marco tecnol\u00f3gico, <a style=\"color: #ffff00;\" href=\"https:\/\/moviecom.com.br\/?filmes=toy-story-1995-30-anos\" rel=\"nofollow noopener\" target=\"_blank\"><strong>Toy Story<\/strong><\/a>\u00a0\u00e9 uma hist\u00f3ria emocionante sobre amizade, lealdade e a magia da inf\u00e2ncia \u2014 valores que continuam conquistando novas gera\u00e7\u00f5es \u2014 tornando a franquia uma das mais amadas do mundo.<\/p>\n<p><img loading=\"lazy\" decoding=\"async\" class=\"aligncenter\" src=\"https:\/\/www.europesays.com\/pt\/wp-content\/uploads\/2025\/09\/md5ifsJa1Mqdvj4a2XsJjrD4kCa.jpg\" width=\"667\" height=\"375\"\/><\/p>\n<p>Essa \u00e9 uma\u00a0oportunidade \u00fanica para quem cresceu com a franquia reviver essa aventura nas telonas e para que as novas gera\u00e7\u00f5es descubram esse cl\u00e1ssico do jeito que ele merece ser visto: em uma sala de cinema. Garanta agora mesmo seu <a href=\"http:\/\/moviecom.com.br\/venda\" rel=\"nofollow noopener\" target=\"_blank\"><strong>ingresso<\/strong><\/a> e reviva essa magia nas salas da Moviecom!<\/p>\n<p><img loading=\"lazy\" decoding=\"async\" class=\"aligncenter\" src=\"https:\/\/www.europesays.com\/pt\/wp-content\/uploads\/2025\/09\/w1xMRxUVDQ4tklyqPdXLf53rcsq.jpg\" width=\"667\" height=\"375\"\/><\/p>\n<p>COMPARTILHAR<\/p>\n","protected":false},"excerpt":{"rendered":"Ao infinito e al\u00e9m\u2026 Prepare a pipoca e o cora\u00e7\u00e3o, porque Toy Story\u00a0est\u00e1 de volta \u00e0s telonas! Em&hellip;\n","protected":false},"author":2,"featured_media":71326,"comment_status":"","ping_status":"","sticky":false,"template":"","format":"standard","meta":{"footnotes":""},"categories":[140],"tags":[114,115,147,148,146,32,33],"class_list":{"0":"post-71325","1":"post","2":"type-post","3":"status-publish","4":"format-standard","5":"has-post-thumbnail","7":"category-filmes","8":"tag-entertainment","9":"tag-entretenimento","10":"tag-film","11":"tag-filmes","12":"tag-movies","13":"tag-portugal","14":"tag-pt"},"share_on_mastodon":{"url":"","error":""},"_links":{"self":[{"href":"https:\/\/www.europesays.com\/pt\/wp-json\/wp\/v2\/posts\/71325","targetHints":{"allow":["GET"]}}],"collection":[{"href":"https:\/\/www.europesays.com\/pt\/wp-json\/wp\/v2\/posts"}],"about":[{"href":"https:\/\/www.europesays.com\/pt\/wp-json\/wp\/v2\/types\/post"}],"author":[{"embeddable":true,"href":"https:\/\/www.europesays.com\/pt\/wp-json\/wp\/v2\/users\/2"}],"replies":[{"embeddable":true,"href":"https:\/\/www.europesays.com\/pt\/wp-json\/wp\/v2\/comments?post=71325"}],"version-history":[{"count":0,"href":"https:\/\/www.europesays.com\/pt\/wp-json\/wp\/v2\/posts\/71325\/revisions"}],"wp:featuredmedia":[{"embeddable":true,"href":"https:\/\/www.europesays.com\/pt\/wp-json\/wp\/v2\/media\/71326"}],"wp:attachment":[{"href":"https:\/\/www.europesays.com\/pt\/wp-json\/wp\/v2\/media?parent=71325"}],"wp:term":[{"taxonomy":"category","embeddable":true,"href":"https:\/\/www.europesays.com\/pt\/wp-json\/wp\/v2\/categories?post=71325"},{"taxonomy":"post_tag","embeddable":true,"href":"https:\/\/www.europesays.com\/pt\/wp-json\/wp\/v2\/tags?post=71325"}],"curies":[{"name":"wp","href":"https:\/\/api.w.org\/{rel}","templated":true}]}}