{"id":71331,"date":"2025-09-14T18:22:07","date_gmt":"2025-09-14T18:22:07","guid":{"rendered":"https:\/\/www.europesays.com\/pt\/71331\/"},"modified":"2025-09-14T18:22:07","modified_gmt":"2025-09-14T18:22:07","slug":"como-descoberta-da-nasa-pode-comprovar-vida-em-marte","status":"publish","type":"post","link":"https:\/\/www.europesays.com\/pt\/71331\/","title":{"rendered":"Como descoberta da NASA pode comprovar vida em Marte?"},"content":{"rendered":"<p>A <a href=\"https:\/\/aventurasnahistoria.com.br\/noticias\/historia-hoje\/nasa-desmente-que-cometa-interestelar-seja-de-fabricacao-alienigena.phtml\" rel=\"nofollow noopener\" target=\"_blank\">NASA<\/a> fez uma declara\u00e7\u00e3o impactante esta semana, apresentando o que pode ser a evid\u00eancia mais convincente de vida no planeta Marte at\u00e9 o momento. Durante uma coletiva de imprensa, a ag\u00eancia revelou que manchas observadas em uma rocha coletada pelo <a href=\"https:\/\/aventurasnahistoria.com.br\/noticias\/historia-hoje\/o-motivo-que-prendeu-rovers-da-nasa-fora-da-terra.phtml\" rel=\"nofollow noopener\" target=\"_blank\">rover Perseverance<\/a> no ano passado podem representar \u201co sinal mais claro de vida\u201d j\u00e1 encontrado no planeta vermelho.<\/p>\n<p>Embora os cientistas ainda considerem necess\u00e1rios estudos adicionais para confirmar a origem biol\u00f3gica dessas manchas, a pesquisa publicada na renomada revista <a href=\"https:\/\/www.nature.com\/articles\/s41586-025-09413-0\" rel=\"nofollow noopener\" target=\"_blank\">Nature <\/a>sugere que a explica\u00e7\u00e3o mais plaus\u00edvel para essas forma\u00e7\u00f5es \u00e9 a atividade de organismos vivos.<\/p>\n<p><strong>Sean Duffy<\/strong>, administrador interino da NASA, comentou sobre a descoberta: \u201cAp\u00f3s um ano de an\u00e1lise, voltaram com a conclus\u00e3o de que n\u00e3o encontraram outra explica\u00e7\u00e3o vi\u00e1vel. Portanto, isso pode ser realmente o sinal mais claro de vida que j\u00e1 encontramos em Marte, o que \u00e9 extraordinariamente empolgante\u201d, repercute a CNN.<\/p>\n<p> Vida em Marte? <\/p>\n<p>A rocha em quest\u00e3o, denominada <strong>Sapphire Canyon<\/strong>, foi retirada das bordas do Neretva Vallis, uma \u00e1rea que h\u00e1 mais de 3 bilh\u00f5es de anos foi moldada pela \u00e1gua. As manchas identificadas incluem pequenas marcas escuras chamadas \u201csementes de papoula\u201d e outras maiores conhecidas como \u201cmanchas de leopardo\u201d, al\u00e9m da presen\u00e7a confirmada de compostos org\u00e2nicos \u2014 mol\u00e9culas baseadas em carbono fundamentais para a vida como a conhecemos na <a href=\"https:\/\/aventurasnahistoria.com.br\/noticias\/historia-hoje\/vida-na-terra-foi-planejada-por-alienigenas-diz-biologo.phtml\" rel=\"nofollow noopener\" target=\"_blank\">Terra<\/a>.<\/p>\n<p>Al\u00e9m disso, veios brancos de sulfato de c\u00e1lcio encontrados na rocha indicam que \u00e1gua \u2014 um elemento essencial para a vida \u2014 fluiu pela superf\u00edcie do planeta no passado. A an\u00e1lise qu\u00edmica revelou a presen\u00e7a de ferro e fosfato nas manchas, com poss\u00edveis ind\u00edcios de hematita entre as bandas do sulfato de c\u00e1lcio.<\/p>\n<p>Os especialistas da NASA acreditam que essas manchas podem ter se formado atrav\u00e9s de rea\u00e7\u00f5es qu\u00edmicas envolvendo hematita, que poderiam ter transformado a rocha vermelha em branca ao liberar ferro e fosfato. Essa transforma\u00e7\u00e3o pode ser impulsionada por micr\u00f3bios em busca de energia para seu crescimento.<\/p>\n<p><strong>Katie Stack Morgan<\/strong>, cientista do projeto Perseverance, destacou durante coletiva de imprensa: \u201cA descoberta de uma poss\u00edvel bioassinatura \u2014 um sinal que pode estar associado a processos biol\u00f3gicos mas que ainda necessita de investiga\u00e7\u00f5es adicionais para confirmar sua origem \u2014 \u00e9 resultado da dedica\u00e7\u00e3o e colabora\u00e7\u00e3o de mais de mil cientistas e engenheiros ao longo dos anos\u201d.<\/p>\n<p>\u00c9 importante ressaltar que embora os minerais e a colora\u00e7\u00e3o alterada da rocha possam ser gerados por processos abi\u00f3ticos (geoqu\u00edmicos), esses processos requereriam condi\u00e7\u00f5es extremas como altas temperaturas e ambientes \u00e1cidos. No entanto, as amostras coletadas pelo rover n\u00e3o apresentam evid\u00eancias de terem estado expostas a tais condi\u00e7\u00f5es.<\/p>\n<p>A NASA reafirma que s\u00e3o necess\u00e1rios estudos complementares para determinar se as manchas observadas s\u00e3o realmente produtos da atividade de microrganismos vivos. <strong>Nicky Fox<\/strong>, administradora associada da Diretoria de Miss\u00f5es Cient\u00edficas da NASA, concluiu na coletiva: \u201cEstamos um passo mais pr\u00f3ximos de responder uma das perguntas mais profundas da humanidade: estamos sozinhos no universo?\u201d.<\/p>\n","protected":false},"excerpt":{"rendered":"A NASA fez uma declara\u00e7\u00e3o impactante esta semana, apresentando o que pode ser a evid\u00eancia mais convincente de&hellip;\n","protected":false},"author":2,"featured_media":71332,"comment_status":"","ping_status":"","sticky":false,"template":"","format":"standard","meta":{"footnotes":""},"categories":[84],"tags":[443,109,107,108,2001,1008,1347,2559,1149,13,2078,32,33,105,103,104,106,110,1151,3192],"class_list":{"0":"post-71331","1":"post","2":"type-post","3":"status-publish","4":"format-standard","5":"has-post-thumbnail","7":"category-ciencia-e-tecnologia","8":"tag-astronomia","9":"tag-ciencia","10":"tag-ciencia-e-tecnologia","11":"tag-cienciaetecnologia","12":"tag-descoberta","13":"tag-espaco","14":"tag-estudo","15":"tag-marte","16":"tag-nasa","17":"tag-noticias","18":"tag-planetas","19":"tag-portugal","20":"tag-pt","21":"tag-science","22":"tag-science-and-technology","23":"tag-scienceandtechnology","24":"tag-technology","25":"tag-tecnologia","26":"tag-terra","27":"tag-vida"},"share_on_mastodon":{"url":"","error":""},"_links":{"self":[{"href":"https:\/\/www.europesays.com\/pt\/wp-json\/wp\/v2\/posts\/71331","targetHints":{"allow":["GET"]}}],"collection":[{"href":"https:\/\/www.europesays.com\/pt\/wp-json\/wp\/v2\/posts"}],"about":[{"href":"https:\/\/www.europesays.com\/pt\/wp-json\/wp\/v2\/types\/post"}],"author":[{"embeddable":true,"href":"https:\/\/www.europesays.com\/pt\/wp-json\/wp\/v2\/users\/2"}],"replies":[{"embeddable":true,"href":"https:\/\/www.europesays.com\/pt\/wp-json\/wp\/v2\/comments?post=71331"}],"version-history":[{"count":0,"href":"https:\/\/www.europesays.com\/pt\/wp-json\/wp\/v2\/posts\/71331\/revisions"}],"wp:featuredmedia":[{"embeddable":true,"href":"https:\/\/www.europesays.com\/pt\/wp-json\/wp\/v2\/media\/71332"}],"wp:attachment":[{"href":"https:\/\/www.europesays.com\/pt\/wp-json\/wp\/v2\/media?parent=71331"}],"wp:term":[{"taxonomy":"category","embeddable":true,"href":"https:\/\/www.europesays.com\/pt\/wp-json\/wp\/v2\/categories?post=71331"},{"taxonomy":"post_tag","embeddable":true,"href":"https:\/\/www.europesays.com\/pt\/wp-json\/wp\/v2\/tags?post=71331"}],"curies":[{"name":"wp","href":"https:\/\/api.w.org\/{rel}","templated":true}]}}