{"id":71335,"date":"2025-09-14T18:24:08","date_gmt":"2025-09-14T18:24:08","guid":{"rendered":"https:\/\/www.europesays.com\/pt\/71335\/"},"modified":"2025-09-14T18:24:08","modified_gmt":"2025-09-14T18:24:08","slug":"conhecem-se-online-encontram-se-na-guerra-da-ucrania-e-tem-1-o-filho","status":"publish","type":"post","link":"https:\/\/www.europesays.com\/pt\/71335\/","title":{"rendered":"Conhecem-se online, encontram-se na guerra da Ucr\u00e2nia e t\u00eam 1.\u00ba filho"},"content":{"rendered":"<p>Um casal que se conheceu online decidiu voluntariar-se para servir na guerra na Ucr\u00e2nia, onde se encontrou oficialmente. Gustavo Ostrowski, de 22 anos, e Adriane Marschall Pereira, de 21 anos, come\u00e7aram a namorar e, pouco tempo depois, regressaram ao Brasil, para dar as boas-vindas ao primeiro filho, em Cascavel, no oeste do Paran\u00e1.<\/p>\n<p>Gustavo, que \u00e9 natural de Santa Helena, alistou-se em janeiro de 2024, quando j\u00e1 conversava com Adriane nas redes sociais. Seis meses depois, a jovem de Santa Tereza do Oeste rumou at\u00e9 \u00e0 Ucr\u00e2nia, n\u00e3o s\u00f3 para conhecer o namorado, mas tamb\u00e9m para se voluntariar na linha da frente.<\/p>\n<p>&#8220;Decidi ir para l\u00e1 para conhec\u00ea-lo. Mesmo que n\u00e3o funcionasse, pelo menos aproveitar\u00edamos. Sempre gostei do meio militar, principalmente das armas&#8221;, <a href=\"https:\/\/g1.globo.com\/pr\/oeste-sudoeste\/noticia\/2025\/09\/14\/jovens-paranaenses-se-conhecem-como-voluntarios-na-guerra-da-ucrania-comecam-a-namorar-e-retornam-ao-brasil-para-ter-o-primeiro-filho.ghtml\" target=\"_blank\" rel=\"noopener nofollow\">disse Adriane ao g1<\/a>.<\/p>\n<p>Contudo, cerca de dois meses depois de se voluntariar \u2013 e de ter passado por treinos rigorosos \u2013 a jovem descobriu que estava gr\u00e1vida.<\/p>\n<p>\u201cFaltando tr\u00eas dias para a minha miss\u00e3o no campo de batalha, descobri que estava gr\u00e1vida. N\u00e3o podia ir mais\u201d, contou.<\/p>\n<p>Adriane afastou-se, ent\u00e3o, das zonas de combate, passando a atuar como int\u00e9rprete de portugu\u00eas e de espanhol para as fam\u00edlias dos soldados.<\/p>\n<p>O casal ficou na Ucr\u00e2nia durante quatro meses e, em janeiro deste ano, regressou ao Brasil.<\/p>\n<blockquote class=\"instagram-media\" style=\"background: #FFF; border: 0; border-radius: 3px; box-shadow: 0 0 1px 0 rgba(0,0,0,0.5),0 1px 10px 0 rgba(0,0,0,0.15); margin: 1px; max-width: 540px; min-width: 326px; padding: 0; width: calc(100% - 2px);\" data-instgrm-captioned=\"\" data-instgrm-permalink=\"https:\/\/www.instagram.com\/p\/DKe2u9MuUeR\/?utm_source=ig_embed&amp;utm_campaign=loading\" data-instgrm-version=\"14\"><p>&#13;<br \/>\n                                                    &#13;\n                                                    <\/p><\/blockquote>\n<p>\u201cVolt\u00e1mos para o Brasil para que o nosso filho nascesse aqui. A comida era muito diferente na Ucr\u00e2nia e, com os enjoos da gravidez, a adapta\u00e7\u00e3o foi dif\u00edcil para ela\u201d, explicou Gustavo.<\/p>\n<p>No entanto, Gustavo e Adriane j\u00e1 pensam em regressar \u00e0 Ucr\u00e2nia.<\/p>\n<p>\u201cSinto saudades da guerra, quero voltar para a Ucr\u00e2nia, voltar para as miss\u00f5es. Mas ela n\u00e3o vai como volunt\u00e1ria, vai viver na cidade mais pr\u00f3xima do batalh\u00e3o em que eu servir\u201d, explicou o jovem.<\/p>\n<p>Adriane, por seu turno, considerou que a forma de educar as crian\u00e7as na Ucr\u00e2nia \u00e9 semelhante \u00e0 do Brasil, pelo que concordou em criar o seu filho numa \u201ccidade tranquila, enquanto o Gustavo participa nas miss\u00f5es\u201d.<\/p>\n<p>O Minist\u00e9rio dos Neg\u00f3cios Estrangeiros do Brasil salientou ao g1 que tem havido um aumento crescente no n\u00famero de brasileiros que morrem ou que ficam em dificuldades quando interrompem as suas miss\u00f5es junto de ex\u00e9rcitos estrangeiros.\u00a0Recomendou, por isso, a que as propostas de trabalho para fins militares sejam recusadas, uma vez que a ajuda consular pode ser limitada, tendo em conta os contratos assinados entre os volunt\u00e1rios e as for\u00e7as armadas do pa\u00eds em quest\u00e3o.<\/p>\n<p>O organismo n\u00e3o comentou o caso do casal.<\/p>\n<p>Leia Tamb\u00e9m: <a href=\"https:\/\/www.noticiasaominuto.com\/mundo\/2853386\/kyiv-reivindica-dois-ataques-contra-rede-ferroviaria-russa\" target=\"_blank\" rel=\"noopener noreferrer nofollow\">Kyiv reivindica dois ataques contra rede ferrovi\u00e1ria russa<\/a><\/p>\n<p>                                            <script async src=\"\/\/www.instagram.com\/embed.js\"><\/script><\/p>\n","protected":false},"excerpt":{"rendered":"Um casal que se conheceu online decidiu voluntariar-se para servir na guerra na Ucr\u00e2nia, onde se encontrou oficialmente.&hellip;\n","protected":false},"author":2,"featured_media":71336,"comment_status":"","ping_status":"","sticky":false,"template":"","format":"standard","meta":{"footnotes":""},"categories":[50],"tags":[27,28,15,16,14,25,26,21,22,62,12,13,19,20,23,24,17,18,29,30,31,63,64,65],"class_list":{"0":"post-71335","1":"post","2":"type-post","3":"status-publish","4":"format-standard","5":"has-post-thumbnail","7":"category-mundo","8":"tag-breaking-news","9":"tag-breakingnews","10":"tag-featured-news","11":"tag-featurednews","12":"tag-headlines","13":"tag-latest-news","14":"tag-latestnews","15":"tag-main-news","16":"tag-mainnews","17":"tag-mundo","18":"tag-news","19":"tag-noticias","20":"tag-noticias-principais","21":"tag-noticiasprincipais","22":"tag-principais-noticias","23":"tag-principaisnoticias","24":"tag-top-stories","25":"tag-topstories","26":"tag-ultimas","27":"tag-ultimas-noticias","28":"tag-ultimasnoticias","29":"tag-world","30":"tag-world-news","31":"tag-worldnews"},"share_on_mastodon":{"url":"","error":""},"_links":{"self":[{"href":"https:\/\/www.europesays.com\/pt\/wp-json\/wp\/v2\/posts\/71335","targetHints":{"allow":["GET"]}}],"collection":[{"href":"https:\/\/www.europesays.com\/pt\/wp-json\/wp\/v2\/posts"}],"about":[{"href":"https:\/\/www.europesays.com\/pt\/wp-json\/wp\/v2\/types\/post"}],"author":[{"embeddable":true,"href":"https:\/\/www.europesays.com\/pt\/wp-json\/wp\/v2\/users\/2"}],"replies":[{"embeddable":true,"href":"https:\/\/www.europesays.com\/pt\/wp-json\/wp\/v2\/comments?post=71335"}],"version-history":[{"count":0,"href":"https:\/\/www.europesays.com\/pt\/wp-json\/wp\/v2\/posts\/71335\/revisions"}],"wp:featuredmedia":[{"embeddable":true,"href":"https:\/\/www.europesays.com\/pt\/wp-json\/wp\/v2\/media\/71336"}],"wp:attachment":[{"href":"https:\/\/www.europesays.com\/pt\/wp-json\/wp\/v2\/media?parent=71335"}],"wp:term":[{"taxonomy":"category","embeddable":true,"href":"https:\/\/www.europesays.com\/pt\/wp-json\/wp\/v2\/categories?post=71335"},{"taxonomy":"post_tag","embeddable":true,"href":"https:\/\/www.europesays.com\/pt\/wp-json\/wp\/v2\/tags?post=71335"}],"curies":[{"name":"wp","href":"https:\/\/api.w.org\/{rel}","templated":true}]}}