{"id":71337,"date":"2025-09-14T18:25:17","date_gmt":"2025-09-14T18:25:17","guid":{"rendered":"https:\/\/www.europesays.com\/pt\/71337\/"},"modified":"2025-09-14T18:25:17","modified_gmt":"2025-09-14T18:25:17","slug":"apenas-metade-dos-candidatos-a-2-a-fase-ficou-colocada-no-ensino-superior-2","status":"publish","type":"post","link":"https:\/\/www.europesays.com\/pt\/71337\/","title":{"rendered":"Apenas metade dos candidatos \u00e0 2.\u00aa fase ficou colocada no ensino superior"},"content":{"rendered":"<p class=\"category\"><a href=\"https:\/\/sicnoticias.pt\/pais\/educacao\" rel=\"nofollow noopener\" target=\"_blank\">Educa\u00e7\u00e3o<\/a><\/p>\n<p class=\"g-article-lead lead\" data-field=\"lead\">Foram colocados 8.824 alunos, mais 10% do n\u00famero de colocados na segunda fase de acesso ao ensino superior em 2024.<\/p>\n<p><img decoding=\"async\" src=\"https:\/\/www.europesays.com\/pt\/wp-content\/uploads\/2025\/09\/1757874317_241_original.webp\" alt=\"Apenas metade dos candidatos \u00e0 2.\u00aa fase ficou colocada no ensino superior\"\/><\/p>\n<p>brazzo<\/p>\n<p><strong>Apenas metade dos candidatos ao ensino superior na 2.\u00aa fase do concurso nacional ficou colocada, num total de 8.824 novos caloiros nas universidades e polit\u00e9cnicos, segundo dados hoje divulgados.<\/strong><\/p>\n<p>Dos 16.594 candidatos \u00e0 2.\u00aa fase do Concurso Nacional de Acesso ao Ensino Superior (CNAES), ficaram colocados menos de nove mil, segundo dados da<a href=\"https:\/\/www.dges.gov.pt\/pt\" target=\"_blank\" rel=\"noopener noreferrer nofollow\"> Dire\u00e7\u00e3o-Geral do Ensino Superior (DGES)<\/a>, que mostram que <strong>entraram mais alunos nas universidades do que nos polit\u00e9cnicos: quase 4.900 conseguiram lugar numa das 13 universidades p\u00fablicas e os restantes nos polit\u00e9cnicos.<\/strong><\/p>\n<p>Somando as duas fases do CNAES, h\u00e1 agora pouco mais de 52 mil caloiros em institui\u00e7\u00f5es p\u00fablicas, o que representa quase menos cinco mil estudantes do que no ano passado.<\/p>\n<p><strong>Mas os alunos ainda podem concorrer \u00e0 3.\u00aa fase, cujas vagas ser\u00e3o divulgadas no dia 22 de setembro no site da DGES.<\/strong><\/p>\n<p>As duas institui\u00e7\u00f5es com mais alunos colocados nesta fase situam-se na capital: entraram agora mais 1.036 alunos em cursos da Universidade de Lisboa e outros 623 no Instituto Polit\u00e9cnico de Lisboa.<\/p>\n<p>Olhando para as institui\u00e7\u00f5es com mais vagas sobrantes destacam-se os institutos polit\u00e9cnicos de Bragan\u00e7a (1.218 vagas), de Coimbra (634), de Viseu (572) e da Guarda (547).<\/p>\n<p>Na generalidade das universidades sobraram menos vagas, com o ISCTE &#8211; Instituto Universit\u00e1rio de Lisboa a apresentar apenas sete vagas sobrantes, a Universidade Nova de Lisboa com 52 e, no extremo oposto, a Universidade de Aveiro com 310 lugares.<\/p>\n<p>Entre universidades e polit\u00e9cnicos, sobraram 9.313 vagas, mas cabe \u00e0s institui\u00e7\u00f5es decidir se abrem ou n\u00e3o mais lugares. Da lista divulgada pela DGES, apenas a Escola Superior de Enfermagem de Lisboa ficou com zero vagas.<\/p>\n<blockquote>\n<p>&#8220;Cada institui\u00e7\u00e3o de ensino superior decide, para cada um dos seus cursos, sobre a abertura da terceira fase do concurso&#8221;, sublinham os servi\u00e7os do Minist\u00e9rio da Educa\u00e7\u00e3o, Ci\u00eancia e Inova\u00e7\u00e3o, lembrando que as institui\u00e7\u00f5es n\u00e3o podem abrir mais vagas do que as que agora sobraram, acrescidas \u00e0s vagas que n\u00e3o venham a ser ocupadas pelos estudantes agora colocados.<\/p>\n<\/blockquote>\n<p>Os estudantes colocados na 2.\u00aa fase devem realizar a matr\u00edcula e inscri\u00e7\u00e3o entre os dias 15 e 17 de setembro junto da institui\u00e7\u00e3o de ensino superior onde ficaram colocados.<\/p>\n<p>J\u00e1 as candidaturas para a 3.\u00aa fase decorrem online entre os dias 23 e 25 de setembro.<\/p>\n<p>Os dados hoje divulgados pela DGES mostram que quase oito mil candidatos desta fase eram alunos que j\u00e1 tinham conseguido uma vaga na 1.\u00ba fase, mas decidiram voltar a tentar.<\/p>\n<p>Houve depois outros cerca de tr\u00eas mil alunos que n\u00e3o tinham ficado colocados na 1.\u00ba fase e 5.595 que se candidataram apenas agora pela primeira vez ao CNAES de 2025.<\/p>\n","protected":false},"excerpt":{"rendered":"Educa\u00e7\u00e3o Foram colocados 8.824 alunos, mais 10% do n\u00famero de colocados na segunda fase de acesso ao ensino&hellip;\n","protected":false},"author":2,"featured_media":71338,"comment_status":"","ping_status":"","sticky":false,"template":"","format":"standard","meta":{"footnotes":""},"categories":[10],"tags":[27,28,15,16,14,25,26,21,22,12,13,19,20,32,23,24,33,17,18,29,30,31],"class_list":{"0":"post-71337","1":"post","2":"type-post","3":"status-publish","4":"format-standard","5":"has-post-thumbnail","7":"category-portugal","8":"tag-breaking-news","9":"tag-breakingnews","10":"tag-featured-news","11":"tag-featurednews","12":"tag-headlines","13":"tag-latest-news","14":"tag-latestnews","15":"tag-main-news","16":"tag-mainnews","17":"tag-news","18":"tag-noticias","19":"tag-noticias-principais","20":"tag-noticiasprincipais","21":"tag-portugal","22":"tag-principais-noticias","23":"tag-principaisnoticias","24":"tag-pt","25":"tag-top-stories","26":"tag-topstories","27":"tag-ultimas","28":"tag-ultimas-noticias","29":"tag-ultimasnoticias"},"share_on_mastodon":{"url":"","error":""},"_links":{"self":[{"href":"https:\/\/www.europesays.com\/pt\/wp-json\/wp\/v2\/posts\/71337","targetHints":{"allow":["GET"]}}],"collection":[{"href":"https:\/\/www.europesays.com\/pt\/wp-json\/wp\/v2\/posts"}],"about":[{"href":"https:\/\/www.europesays.com\/pt\/wp-json\/wp\/v2\/types\/post"}],"author":[{"embeddable":true,"href":"https:\/\/www.europesays.com\/pt\/wp-json\/wp\/v2\/users\/2"}],"replies":[{"embeddable":true,"href":"https:\/\/www.europesays.com\/pt\/wp-json\/wp\/v2\/comments?post=71337"}],"version-history":[{"count":0,"href":"https:\/\/www.europesays.com\/pt\/wp-json\/wp\/v2\/posts\/71337\/revisions"}],"wp:featuredmedia":[{"embeddable":true,"href":"https:\/\/www.europesays.com\/pt\/wp-json\/wp\/v2\/media\/71338"}],"wp:attachment":[{"href":"https:\/\/www.europesays.com\/pt\/wp-json\/wp\/v2\/media?parent=71337"}],"wp:term":[{"taxonomy":"category","embeddable":true,"href":"https:\/\/www.europesays.com\/pt\/wp-json\/wp\/v2\/categories?post=71337"},{"taxonomy":"post_tag","embeddable":true,"href":"https:\/\/www.europesays.com\/pt\/wp-json\/wp\/v2\/tags?post=71337"}],"curies":[{"name":"wp","href":"https:\/\/api.w.org\/{rel}","templated":true}]}}