{"id":71339,"date":"2025-09-14T18:27:07","date_gmt":"2025-09-14T18:27:07","guid":{"rendered":"https:\/\/www.europesays.com\/pt\/71339\/"},"modified":"2025-09-14T18:27:07","modified_gmt":"2025-09-14T18:27:07","slug":"ana-hickmann-celebra-1-ano-de-noivado-com-edu-guedes","status":"publish","type":"post","link":"https:\/\/www.europesays.com\/pt\/71339\/","title":{"rendered":"Ana Hickmann celebra 1 ano de noivado com Edu Guedes"},"content":{"rendered":"\n<p class=\" content-text__container \" data-track-category=\"Link no Texto\" data-track-links=\"\"> &#8220;A um ano contamos para nossa fam\u00edlia que ir\u00edamos come\u00e7ar nossa fam\u00edlia. Te amo @eduguedesoficial \u2764\ufe0f&#8221;, escreveu ela na legenda da <a class=\"\" href=\"https:\/\/vogue.globo.com\/celebridades\/noticia\/2024\/09\/as-vesperas-do-noivado-ana-hickmann-e-edu-guedes-amanhecem-juntinhos.ghtml\" rel=\"nofollow noopener\" target=\"_blank\">publica\u00e7\u00e3o<\/a>. <\/p>\n<p class=\" content-text__container \" data-track-category=\"Link no Texto\" data-track-links=\"\"> <a class=\"\" href=\"https:\/\/vogue.globo.com\/noiva\/noticia\/2024\/09\/ana-hickmann-e-edu-guedes-farao-festa-de-noivado-em-fazenda-no-interior-de-sp.ghtml\" rel=\"nofollow noopener\" target=\"_blank\">Ana Hickmann e Edu Guedes ficaram noivos<\/a> oficialmente em 14 de setembro de 2024, durante uma cerim\u00f4nia reservada realizada na fazenda do chef, localizada em Araras, no interior de S\u00e3o Paulo. O <a class=\"\" href=\"https:\/\/vogue.globo.com\/celebridades\/noticia\/2024\/11\/edu-guedes-se-declara-para-ana-hickmann-em-nova-publicacao-sinto-muito-orgulho-de-voce.ghtml\" rel=\"nofollow noopener\" target=\"_blank\">pedido de casamento <\/a>aconteceu em junho de 2024, durante uma viagem do casal a Portugal. <\/p>\n","protected":false},"excerpt":{"rendered":"&#8220;A um ano contamos para nossa fam\u00edlia que ir\u00edamos come\u00e7ar nossa fam\u00edlia. Te amo @eduguedesoficial \u2764\ufe0f&#8221;, escreveu ela&hellip;\n","protected":false},"author":2,"featured_media":71340,"comment_status":"","ping_status":"","sticky":false,"template":"","format":"standard","meta":{"footnotes":""},"categories":[145],"tags":[211,210,114,115,32,33],"class_list":{"0":"post-71339","1":"post","2":"type-post","3":"status-publish","4":"format-standard","5":"has-post-thumbnail","7":"category-celebridades","8":"tag-celebridades","9":"tag-celebrities","10":"tag-entertainment","11":"tag-entretenimento","12":"tag-portugal","13":"tag-pt"},"share_on_mastodon":{"url":"","error":""},"_links":{"self":[{"href":"https:\/\/www.europesays.com\/pt\/wp-json\/wp\/v2\/posts\/71339","targetHints":{"allow":["GET"]}}],"collection":[{"href":"https:\/\/www.europesays.com\/pt\/wp-json\/wp\/v2\/posts"}],"about":[{"href":"https:\/\/www.europesays.com\/pt\/wp-json\/wp\/v2\/types\/post"}],"author":[{"embeddable":true,"href":"https:\/\/www.europesays.com\/pt\/wp-json\/wp\/v2\/users\/2"}],"replies":[{"embeddable":true,"href":"https:\/\/www.europesays.com\/pt\/wp-json\/wp\/v2\/comments?post=71339"}],"version-history":[{"count":0,"href":"https:\/\/www.europesays.com\/pt\/wp-json\/wp\/v2\/posts\/71339\/revisions"}],"wp:featuredmedia":[{"embeddable":true,"href":"https:\/\/www.europesays.com\/pt\/wp-json\/wp\/v2\/media\/71340"}],"wp:attachment":[{"href":"https:\/\/www.europesays.com\/pt\/wp-json\/wp\/v2\/media?parent=71339"}],"wp:term":[{"taxonomy":"category","embeddable":true,"href":"https:\/\/www.europesays.com\/pt\/wp-json\/wp\/v2\/categories?post=71339"},{"taxonomy":"post_tag","embeddable":true,"href":"https:\/\/www.europesays.com\/pt\/wp-json\/wp\/v2\/tags?post=71339"}],"curies":[{"name":"wp","href":"https:\/\/api.w.org\/{rel}","templated":true}]}}