{"id":71341,"date":"2025-09-14T18:30:08","date_gmt":"2025-09-14T18:30:08","guid":{"rendered":"https:\/\/www.europesays.com\/pt\/71341\/"},"modified":"2025-09-14T18:30:08","modified_gmt":"2025-09-14T18:30:08","slug":"de-caras-da-televisao-a-ex-concorrentes-estes-foram-os-famosos-no-casamento-de-jessica-antunes-e-rui-pedro-tvi","status":"publish","type":"post","link":"https:\/\/www.europesays.com\/pt\/71341\/","title":{"rendered":"De caras da Televis\u00e3o a ex-concorrentes, estes foram os famosos no casamento de J\u00e9ssica Antunes e Rui Pedro &#8211; TVI"},"content":{"rendered":"<ol>\n<li><a href=\"https:\/\/news.google.com\/rss\/articles\/CBMi-wFBVV95cUxNNTAxWEtNb2JETzdyRkRxMFNhNWF4ZV9ORU1OamNVRUJoTFd6dkMyRUd2QXFtVzJKSVgtRXY1b1lFQzVRLWJaQnJMUEYyZzlsRk1Ec3ZSbUZ2Z3NudEdPbTVnRnRKdFFjR3NQVGZzSnFCem04WVVSZUF5VFBzdEZ4R0pERDc0dWM4Q3BSZXdEcWY5MGY0aDVsRFc3dlpGWXd3MUp5RmdSY2tmdUhVMkFfWDIxMnpza3VRS2tWUmIzcXdYQlVJWDc4MHZBaTF2b0s2RERHVXNEZmpJdU1XZ1ZlVGJFNUdSTEFrWDNhSFRBeFFMWE5iZUQ0Q2wtQdIBgAJBVV95cUxNS18xTDBJRGNJZDRSZ29BYkQwUGpIUHZXZWpkZHBrbk5fb1RrQnJLWVNRQjJkQXZZSUFEb3hCSW9TZ3J1V2VYUHhzdHg1ekxSYk1xOFlWU0JIYWhKZkZOMUxYT1BNZ1VnT2t3aUUzZWpTaGdDbUZGMEQ1TURXaEdFNVJ2SXd3bjl3cTRuTXJOZjNRVURYZE4wN3FmM21UR1ZaamFpRGV4U1E0ZW9jX3ZEUE5PSmZKSHBRT29xeEd5bENYdnY3NGZQTTlDVVVIZ08wYmtScmdxNzk0bndST0dSTUVIaHhZVUpZNmxMaXFvdXBscW8wNGdHZWZiX3FkQkRU?oc=5\" target=\"_blank\" rel=\"nofollow noopener\">De caras da Televis\u00e3o a ex-concorrentes, estes foram os famosos no casamento de J\u00e9ssica Antunes e Rui Pedro<\/a>&nbsp;&nbsp;TVI<\/li>\n<li><a href=\"https:\/\/news.google.com\/rss\/articles\/CBMizwFBVV95cUxPbDdHTXhuUHlJWVh0VFJzOWNsQzRTbHkyNm9hUUV3enFtdmp5dXN1MmlzbEUwNC1HX2tpdjF3SmtqMm91bHpLMFVuMjFyZlBOOUViZVJ5UUFhNjZmSnJad1E4OVZKV3Rfc21nZE5ESHZ1TC1rQndnSmhrTnc3eWxBNlRZd3lLX2lXUWJtZlBZZlZrUmtHUlVEczNXWUVCQnNLay0wM1RUTkRlb2JmUjZWSUpIcDFyLTljUjg5VE9tSlNJMHhHQzJiazdsRy1LOFU?oc=5\" target=\"_blank\" rel=\"nofollow noopener\">Rui Figueiredo e J\u00e9ssica Antunes j\u00e1 casaram. Aqui est\u00e3o as primeiras imagens da cerim\u00f3nia<\/a>&nbsp;&nbsp;Correio da Manh\u00e3<\/li>\n<li><a href=\"https:\/\/news.google.com\/rss\/articles\/CBMiigFBVV95cUxPRDctaHR6SkE0dTNqaEJZcG5Ydlp3V0J1QjhKUFBucG9QdWpmd3JybWtpLWY5RUhEVHdEaGVPTlJsakxjSUtxZ0FCVVd1dlAtTFU3NTdFSU1uNW1YYTQ1RW5HaWUzcS1UVE9rUjN5SHl5Q3hnc2h4OHRldENzR2dMUzl4R3BpZEdRNVE?oc=5\" target=\"_blank\" rel=\"nofollow noopener\">EX-BIG BROTHER PLANTAM SEMENTES DE AMOR NO ALTAR<\/a>&nbsp;&nbsp;Not\u00edcias de Coimbra<\/li>\n<li><a href=\"https:\/\/news.google.com\/rss\/articles\/CBMi8gFBVV95cUxNYmdJcWpMdmRLZkhLT2ljUG5hYUpRTHRKYy1XbFRmelZOcHI4Y0xic1ZqMlAyU1Uzek9KMXJnUW1PSHV1eHZGZDBJOUpXM3lZVUNsZ1k1R3UwSW9YbXlXUEZneHgzaXJOVUxfSUQtbVlNRjNsTm5WbWRveDJRYmJldnhESktSWnFMLU12amQ3N1lHSXVQNlc5UVR5bWE0aEtxNlNxUDJISU5qQ2VxU2I3TGZlYm5nRWxENTBPc0xUYzI2NTZuMTNnWVc0RXhIOGNwQkt6X0RrTmtaOS1za2dwWVl6LXdmVHU5LXNuaU0yMC1TZ9IB9wFBVV95cUxNUHhmaDFTTnZ2OWJrRU9XbzMxd3pwUXhzMW1iZ1pob0lDVUFKeW9TM2JZNHd4ekttMGJRcktrQVVEMkkyUzZMZ2g2YWhXMmNmT2VBcUFSUXdtTEtIUWRUUnNpQU90TmZBNnNaODY0LXZLZWRWZWQyZ3JTUjZMVlN6bjFCN2pRVmFsQVhDQXdpR2oyX1JKTmEzUTZQMEt0N3pfVFRZUFdhTkxzUWMwODFzbHhwVlNVS2tocHRZeTRqeTVZMy1DMkJZVjNQcFFNVzBIVG9EaEF4Q3NJQmxyZEVySzB3b2Z2Y3NzTkIxRURudW9DVDQzbEpj?oc=5\" target=\"_blank\" rel=\"nofollow noopener\">Ex-concorrente de reality show da TVI falha casamento de J\u00e9ssica Antunes e Rui Pedro!<\/a>&nbsp;&nbsp;SELFIE<\/li>\n<li><a href=\"https:\/\/news.google.com\/rss\/articles\/CBMitAFBVV95cUxQcEhKWFVKZ0hWMHVPN09yN3dDWDd4NzVqd2ZjNWhUYVVfUnJINWc4RkJWbXA4MDVDeHFpNlNuTll0anJRV0F1OXlyZnVXUEFZbkZubHFGakpUQklfcWc1dzBvWF9zUHhicnFDZlN1T3dSTUJfbTBwX1pFOTNucjFyUlpvWGl6UnpjV2l2aldJY09kMEdZT0RPRGFzWENILTZjc2t2RF95cE15dkRPZ2hyZkdtTFE?oc=5\" target=\"_blank\" rel=\"nofollow noopener\">Teresa Guilherme posa com os noivos J\u00e9ssica Antunes e Rui Pedro: &#8220;Uma felicidade&#8221;<\/a>&nbsp;&nbsp;A Televis\u00e3o<\/li>\n<\/ol>\n","protected":false},"excerpt":{"rendered":"De caras da Televis\u00e3o a ex-concorrentes, estes foram os famosos no casamento de J\u00e9ssica Antunes e Rui Pedro&nbsp;&nbsp;TVI&hellip;\n","protected":false},"author":2,"featured_media":70685,"comment_status":"","ping_status":"","sticky":false,"template":"","format":"standard","meta":{"footnotes":""},"categories":[142],"tags":[114,115,32,33,151],"class_list":{"0":"post-71341","1":"post","2":"type-post","3":"status-publish","4":"format-standard","5":"has-post-thumbnail","7":"category-tv","8":"tag-entertainment","9":"tag-entretenimento","10":"tag-portugal","11":"tag-pt","12":"tag-tv"},"share_on_mastodon":{"url":"","error":""},"_links":{"self":[{"href":"https:\/\/www.europesays.com\/pt\/wp-json\/wp\/v2\/posts\/71341","targetHints":{"allow":["GET"]}}],"collection":[{"href":"https:\/\/www.europesays.com\/pt\/wp-json\/wp\/v2\/posts"}],"about":[{"href":"https:\/\/www.europesays.com\/pt\/wp-json\/wp\/v2\/types\/post"}],"author":[{"embeddable":true,"href":"https:\/\/www.europesays.com\/pt\/wp-json\/wp\/v2\/users\/2"}],"replies":[{"embeddable":true,"href":"https:\/\/www.europesays.com\/pt\/wp-json\/wp\/v2\/comments?post=71341"}],"version-history":[{"count":0,"href":"https:\/\/www.europesays.com\/pt\/wp-json\/wp\/v2\/posts\/71341\/revisions"}],"wp:featuredmedia":[{"embeddable":true,"href":"https:\/\/www.europesays.com\/pt\/wp-json\/wp\/v2\/media\/70685"}],"wp:attachment":[{"href":"https:\/\/www.europesays.com\/pt\/wp-json\/wp\/v2\/media?parent=71341"}],"wp:term":[{"taxonomy":"category","embeddable":true,"href":"https:\/\/www.europesays.com\/pt\/wp-json\/wp\/v2\/categories?post=71341"},{"taxonomy":"post_tag","embeddable":true,"href":"https:\/\/www.europesays.com\/pt\/wp-json\/wp\/v2\/tags?post=71341"}],"curies":[{"name":"wp","href":"https:\/\/api.w.org\/{rel}","templated":true}]}}