{"id":71342,"date":"2025-09-14T18:33:20","date_gmt":"2025-09-14T18:33:20","guid":{"rendered":"https:\/\/www.europesays.com\/pt\/71342\/"},"modified":"2025-09-14T18:33:20","modified_gmt":"2025-09-14T18:33:20","slug":"benfica-rio-ave-liga-placard-1-fase-futsal","status":"publish","type":"post","link":"https:\/\/www.europesays.com\/pt\/71342\/","title":{"rendered":"Benfica Rio Ave Liga Placard 1 Fase Futsal"},"content":{"rendered":"<p>                            <strong>RESUMO DO JOGO<\/strong><\/p>\n<tr style=\"background-color: white; border-bottom: 1px solid white;\">\n<td style=\"font-weight: bold; font-size: 30px;\" colspan=\"2\">Liga Placard<\/td>\n<\/tr>\n<tr>\n<td colspan=\"2\">1.\u00aa fase<br \/>2.\u00aa jornada<\/td>\n<\/tr>\n<tr>\n<td style=\"padding: 10px 0; background-color: #f2f2f2!important;\" colspan=\"2\"><strong>RESULTADO FINAL<br \/>INT: 0-0<\/strong><\/td>\n<\/tr>\n<tr class=\"red\">\n<td style=\"font-size: 20px;\"><strong>Benfica<\/strong><\/td>\n<td style=\"border-right: 1px solid #f4f4f4; font-size: 55px;\"><strong>3<\/strong><\/td>\n<\/tr>\n<tr>\n<td style=\"font-size: 20px;\"><strong>Rio Ave<\/strong><\/td>\n<td style=\"border-right: 1px solid #f4f4f4; font-size: 55px;\"><strong>1<\/strong><\/td>\n<\/tr>\n<tr>\n<td style=\"background-color: #f2f2f2!important;\" colspan=\"2\"><strong>Marcadores<\/strong><\/td>\n<\/tr>\n<tr>\n<td style=\"border-right: 1px solid #f4f4f4;\">Jacar\u00e9 <strong>28&#8242;<br \/><\/strong>Arthur<strong> 30&#8242;<br \/><\/strong>Peixinho <strong>35&#8242; pb<\/strong><\/td>\n<td>R\u00faben G\u00f3is 29&#8242;<\/td>\n<\/tr>\n<p>A equipa de futsal do <a href=\"https:\/\/www.slbenfica.pt\/pt-pt\/modalidades\/futsal\" rel=\"nofollow noopener\" target=\"_blank\"><strong>Benfica<\/strong><\/a> superou a cong\u00e9nere do Rio Ave, por 3-1, neste domingo, 14 de setembro, num encontro da 2.\u00aa jornada da 1.\u00aa fase da Liga Placard, realizado no Pavilh\u00e3o Fidelidade.<\/p>\n<p>Numa <strong>1.\u00aa metade praticamente de sentido \u00fanico<\/strong>, as \u00e1guias estiveram <strong>pr\u00f3ximas do golo em variadas ocasi\u00f5es<\/strong>, negado pelo guarda-redes oponente ou pelo desacerto na hora de finalizar, <strong>esbarrando inclusivamente nos ferros em tr\u00eas momentos<\/strong>.<\/p>\n<p>Logo no 1.\u00ba minuto, <strong>Higor<\/strong> rodou sobre um defesa e picou a bola sobre Nuno Costa, a qual embateu no <strong>poste<\/strong>. Por sua vez, <strong>Kutchy<\/strong> enviou a bola ao mesmo <strong>poste<\/strong> com um disparo long\u00ednquo em posi\u00e7\u00e3o frontal (2&#8242;). J\u00e1 <strong>Silvestre<\/strong> ultrapassou um defesa e rematou \u00e0 <strong>barra<\/strong> de \u00e2ngulo reduzido (3&#8242;).<\/p>\n<p><img decoding=\"async\" src=\"https:\/\/www.europesays.com\/pt\/wp-content\/uploads\/2025\/09\/jacare-1-thumbnail.jpg\" alt=\"Benfica-Rio Ave\" height=\"522px\" width=\"926px\"\/><\/p>\n<p>Deste modo, o resultado ficou definido apenas na etapa posterior, na qual a toada se manteve id\u00eantica. Aos 28&#8242;, no arranque de uma fase de jogo fren\u00e9tica, <strong>Silvestre<\/strong> tocou para <strong>Diego Nunes<\/strong> numa reposi\u00e7\u00e3o lateral \u00e0 esquerda, e este adiantou para <strong>Jacar\u00e9<\/strong>, que rodou sobre o seu marcador e, de primeira, fuzilou as redes (<strong>1-0<\/strong>).<\/p>\n<p>Todavia, o Rio Ave reagiu bem e empatou a contenda no minuto seguinte (29&#8242;). Tamb\u00e9m numa reposi\u00e7\u00e3o lateral, Pedro Cabarete encontrou R\u00faben G\u00f3is na \u00e1rea, o qual bateu o seu marcador e atirou a contar (<strong>1-1<\/strong>).<\/p>\n<p>Ainda assim, os comandados de <strong>Cassiano Klein<\/strong> n\u00e3o desanimaram e tamb\u00e9m ripostaram de imediato. No 30.\u00ba minuto, na cobran\u00e7a de um canto \u00e0 direita, <strong>Arthur<\/strong> tabelou com <strong>Higor<\/strong> e, \u00e0 entrada da \u00e1rea, finalizou por entre as pernas de Nuno Costa (<strong>2-1<\/strong>).<\/p>\n<p><img decoding=\"async\" src=\"https:\/\/www.europesays.com\/pt\/wp-content\/uploads\/2025\/09\/lucio-rocha-1-thumbnail.jpg\" alt=\"Benfica-Rio Ave\" height=\"522px\" width=\"926px\"\/><\/p>\n<p>Aos 34&#8242;, Francisco Silva recebeu o <strong>cart\u00e3o vermelho<\/strong> por acumula\u00e7\u00e3o de amarelos, e, aproveitando a vantagem num\u00e9rica, os encarnados sentenciaram o seu triunfo. Ap\u00f3s uma prolongada troca de bola, <strong>L\u00facio Rocha<\/strong> colocou o esf\u00e9rico em cima da linha de golo, onde\u00a0Peixinho, inadvertidamente, o desviou para a pr\u00f3pria baliza (<strong>3-1<\/strong>).<\/p>\n<p>De seguida, os visitantes apostaram no guarda-redes avan\u00e7ado, mas foram os benfiquistas que ficaram mais pr\u00f3ximos do golo, atrav\u00e9s de um tiro long\u00ednquo de <strong>Ra\u00fal Moreira<\/strong>, que tornou a abanar o <strong>poste<\/strong>. Assim sendo, o marcador n\u00e3o tornou a sofrer altera\u00e7\u00f5es.<\/p>\n<p>O Benfica volta a entrar em a\u00e7\u00e3o \u00e0s <strong>20h00<\/strong> de <strong>29 de setembro<\/strong>, com uma desloca\u00e7\u00e3o ao <strong>Pavilh\u00e3o Municipal de Ferreira do Z\u00eazere<\/strong>, relativa \u00e0 3.\u00aa jornada da 1.\u00aa fase da <strong>Liga Placard<\/strong>, para medir for\u00e7as com o <strong>SC Ferreira do Z\u00eazere<\/strong>.<\/p>\n<p><img decoding=\"async\" src=\"https:\/\/www.europesays.com\/pt\/wp-content\/uploads\/2025\/09\/cassiano-klein-1-thumbnail.jpg\" alt=\"Benfica-Rio Ave\" height=\"522px\" width=\"926px\"\/><\/p>\n<p><strong>DECLARA\u00c7\u00d5ES<\/strong><\/p>\n<p><strong>Cassiano Klein (treinador do Benfica):<\/strong> &#8220;Feliz pela disposi\u00e7\u00e3o e pela atitude da equipa. Tivemos algumas oportunidades, n\u00e3o conseguimos chegar ao golo e mesmo assim mantivemo-nos focados. Uma grande equipa tem de ter essa consist\u00eancia. Conseguimos ir buscar o resultado, que era muito importante para n\u00f3s.&#8221;<\/p>\n<p><img decoding=\"async\" src=\"https:\/\/www.europesays.com\/pt\/wp-content\/uploads\/2025\/09\/1757874799_264_arthur-1-thumbnail.jpg\" alt=\"Benfica-Rio Ave\" height=\"522px\" width=\"926px\"\/><\/p>\n<p><strong>Arthur (ala do Benfica):<\/strong> &#8220;As sensa\u00e7\u00f5es foram as melhores. N\u00e3o h\u00e1 nada como estrear dentro de casa com uma vit\u00f3ria. Foi um jogo muito duro. Procur\u00e1mos o resultado e a baliza em todo o tempo. Pec\u00e1mos um pouco na 1.\u00aa parte nas finaliza\u00e7\u00f5es, poder\u00edamos ter ampliado o placar no 1.\u00ba tempo, mas faltou o \u00faltimo ter\u00e7o. Mas estou feliz, com boas sensa\u00e7\u00f5es por estar a jogar em frente aos nossos adeptos. Espero que corra tudo bem, para ser uma \u00e9poca vitoriosa novamente.&#8221;<\/p>\n<p><img decoding=\"async\" src=\"https:\/\/www.europesays.com\/pt\/wp-content\/uploads\/2025\/09\/equipa-1-thumbnail.jpg\" alt=\"Benfica-Rio Ave\" height=\"522px\" width=\"926px\"\/><\/p>\n<tr>\n<td style=\"background-color: #f2f2f2!important;\" colspan=\"3\"><strong>Liga Placard (1.\u00aa fase) | 2.\u00aa jornada | 14\/09\/2025<\/strong><\/td>\n<\/tr>\n<tr style=\"background-color: #ffffff;\">\n<td style=\"font-size: 25px !important; font-weight: 500; padding: 0 0 20px;\" colspan=\"3\">Benfica-Rio Ave<br \/>3-1<br \/>Pavilh\u00e3o Fidelidade<\/td>\n<\/tr>\n<tr>\n<td style=\"background-color: #f2f2f2!important;\" colspan=\"3\"><strong>Cinco inicial do Benfica<\/strong><\/td>\n<\/tr>\n<tr>\n<td style=\"padding: 15px 20px;\" colspan=\"3\">Andr\u00e9 Correia, Ra\u00fal Moreira, Afonso Jesus,\u00a0Silvestre e Arthur<\/td>\n<\/tr>\n<tr>\n<td style=\"background-color: #f2f2f2!important;\" colspan=\"3\"><strong>Suplentes<\/strong><\/td>\n<\/tr>\n<tr>\n<td style=\"padding: 15px 20px;\" colspan=\"3\">Vasco Pinto, L\u00e9o Gugiel, L\u00facio Rocha, Higor, Kutchy, Carlos Monteiro, Diego Nunes e Jacar\u00e9<\/td>\n<\/tr>\n<tr>\n<td style=\"background-color: #f2f2f2!important;\" colspan=\"3\"><strong>Treinador do Benfica<\/strong><\/td>\n<\/tr>\n<tr>\n<td style=\"padding: 15px 20px;\" colspan=\"3\">Cassiano Klein<\/td>\n<\/tr>\n<tr>\n<td style=\"background-color: #f2f2f2!important;\" colspan=\"3\"><strong>Cinco inicial do Rio Ave<\/strong><\/td>\n<\/tr>\n<tr>\n<td style=\"padding: 15px 20px;\" colspan=\"3\">Nuno Costa, Francisco Silva, Careca, Ricardinho e Peixinho<\/td>\n<\/tr>\n<tr>\n<td style=\"background-color: #f2f2f2!important;\" colspan=\"3\"><strong>Suplentes<\/strong><\/td>\n<\/tr>\n<tr>\n<td style=\"padding: 15px 20px;\" colspan=\"3\">Pedro Silva, Bruno Moreira, Tiago Cruz, Pedro Cabarete, Z\u00e9zinho, Cigano, R\u00faben G\u00f3is e Serginho<\/td>\n<\/tr>\n<tr>\n<td style=\"border-right: 1px solid #f4f4f4;\" colspan=\"2\"><strong>Ao intervalo<\/strong><\/td>\n<td colspan=\"1\">0-0<\/td>\n<\/tr>\n<tr>\n<td style=\"background-color: #f2f2f2!important;\" colspan=\"3\"><strong>Golos<\/strong><\/td>\n<\/tr>\n<tr>\n<td colspan=\"3\"><strong>Benfica<\/strong>: Jacar\u00e9 (28&#8242;), Arthur (30&#8242;) e Peixinho (35&#8242; pb); Rio Ave: R\u00faben G\u00f3is (29&#8242;)<\/td>\n<\/tr>\n<tr>\n<td style=\"background-color: #f2f2f2!important;\" colspan=\"3\"><strong>Marcha do marcador<\/strong><\/td>\n<\/tr>\n<tr>\n<td colspan=\"3\">1-0; 1-1; 3-1<\/td>\n<\/tr>\n<tr>\n<td style=\"background-color: #f2f2f2!important;\" colspan=\"3\"><strong>Factos relevantes<\/strong><\/td>\n<\/tr>\n<tr>\n<td colspan=\"3\">Rio Ave: Cart\u00e3o vermelho para Francisco Silva por acumula\u00e7\u00e3o de amarelos (34&#8242;)<\/td>\n<\/tr>\n","protected":false},"excerpt":{"rendered":"RESUMO DO JOGO Liga Placard 1.\u00aa fase2.\u00aa jornada RESULTADO FINALINT: 0-0 Benfica 3 Rio Ave 1 Marcadores Jacar\u00e9&hellip;\n","protected":false},"author":2,"featured_media":71343,"comment_status":"","ping_status":"","sticky":false,"template":"","format":"standard","meta":{"footnotes":""},"categories":[87],"tags":[135,32,33,134],"class_list":{"0":"post-71342","1":"post","2":"type-post","3":"status-publish","4":"format-standard","5":"has-post-thumbnail","7":"category-desporto","8":"tag-desporto","9":"tag-portugal","10":"tag-pt","11":"tag-sports"},"share_on_mastodon":{"url":"","error":""},"_links":{"self":[{"href":"https:\/\/www.europesays.com\/pt\/wp-json\/wp\/v2\/posts\/71342","targetHints":{"allow":["GET"]}}],"collection":[{"href":"https:\/\/www.europesays.com\/pt\/wp-json\/wp\/v2\/posts"}],"about":[{"href":"https:\/\/www.europesays.com\/pt\/wp-json\/wp\/v2\/types\/post"}],"author":[{"embeddable":true,"href":"https:\/\/www.europesays.com\/pt\/wp-json\/wp\/v2\/users\/2"}],"replies":[{"embeddable":true,"href":"https:\/\/www.europesays.com\/pt\/wp-json\/wp\/v2\/comments?post=71342"}],"version-history":[{"count":0,"href":"https:\/\/www.europesays.com\/pt\/wp-json\/wp\/v2\/posts\/71342\/revisions"}],"wp:featuredmedia":[{"embeddable":true,"href":"https:\/\/www.europesays.com\/pt\/wp-json\/wp\/v2\/media\/71343"}],"wp:attachment":[{"href":"https:\/\/www.europesays.com\/pt\/wp-json\/wp\/v2\/media?parent=71342"}],"wp:term":[{"taxonomy":"category","embeddable":true,"href":"https:\/\/www.europesays.com\/pt\/wp-json\/wp\/v2\/categories?post=71342"},{"taxonomy":"post_tag","embeddable":true,"href":"https:\/\/www.europesays.com\/pt\/wp-json\/wp\/v2\/tags?post=71342"}],"curies":[{"name":"wp","href":"https:\/\/api.w.org\/{rel}","templated":true}]}}