{"id":71350,"date":"2025-09-14T18:39:14","date_gmt":"2025-09-14T18:39:14","guid":{"rendered":"https:\/\/www.europesays.com\/pt\/71350\/"},"modified":"2025-09-14T18:39:14","modified_gmt":"2025-09-14T18:39:14","slug":"nao-nos-metem-medo-temos-de-entregar-pedro-sanchez-a-cadeia","status":"publish","type":"post","link":"https:\/\/www.europesays.com\/pt\/71350\/","title":{"rendered":"N\u00e3o nos metem medo&#8221;, &#8220;Temos de entregar Pedro Sanch\u00e9z \u00e0 cadeia"},"content":{"rendered":"<p>Muito aplaudido no pavilh\u00e3o onde estavam muitos l\u00edderes da direita radical \u2013 o grupo \u201cPatriotas pela Europa\u201d \u2013 , Andr\u00e9 Ventura foi ao p\u00falpito falar em espanhol com um mote: \u201cTemos que acabar com o socialismo em Espanha, em Portugal e em toda a Europa\u201d. Mas logo levou esse mote mais longe: <strong>\u201cTemos de entregar Pedro Sanch\u00e9z \u00e0 cadeia, \u00e0 cadeia, \u00e0 cadeia\u201d<\/strong>, gritou de forma a levantar o pavilh\u00e3o cheio de representantes da direita radical. Durante os primeiros minutos, esse foi o mote repetido pelo l\u00edder do Chega: \u201cO que se passa em Espanha \u00e9 uma m\u00e1fia que tomou o Governo\u201d.<\/p>\n<blockquote>\n<p>\u201cSe eu fosse primeiro-ministro em Espanha, o que nunca vai acontecer, a minha primeira medida seria meter Sanchez na cadeia\u201d<\/p>\n<\/blockquote>\n<p>Depois, Ventura foi ao tema que perpassou todas as interven\u00e7\u00f5es no congresso \u2013 de Meloni a \u00d3rban, passando por Milei e Abascal, l\u00edder do Vox &#8212; , <a href=\"https:\/\/expresso.pt\/internacional\/eua\/2025-09-12-risco-de-repressao-aumenta-charlie-kirk-pode-tornar-se-o-martir-perfeito-da-direita-be79eebe\" target=\"_blank\" rel=\"noreferrer noopener nofollow\">o assassinato do influenciador ultra-conservador Charlie Kirk<\/a> nos EUA.<\/p>\n<p>\u201c\u00c9 a amea\u00e7a que temos sobre n\u00f3s\u201d, disse o portugu\u00eas. \u201cCharlie Kirk foi morto porque dizia o que pensava, por defender os nossos valores e nossa identidade. Foi morto porque nos transform\u00e1mos num lugar de \u00f3dio, a persegui\u00e7\u00e3o e morte em direto. Isso demonstrou qu\u00e3o violentos podem ser os que defendem o que a esquerda defende\u201d.<\/p>\n<p>\t\t<img decoding=\"async\" src=\"https:\/\/www.europesays.com\/pt\/wp-content\/uploads\/2025\/09\/1757875154_151_\"  alt=\"Andr\u00e9 Ventura no congresso dos Patriotas pela Europa, que junta as direitas radicais europeias. Imagem do streaming do evento\" loading=\"true\"\/><\/p>\n<p>                        Expresso<\/p>\n<p>O que aconteceu serviu de instrumento para Andr\u00e9 Ventura deixar o aviso mais repetido no pavilh\u00e3o espanhol: <strong>\u201cN\u00e3o nos metem medo, n\u00e3o vamos parar, n\u00e3o vamos baixar os bra\u00e7os. Defenderemos os nossos valores\u201d<\/strong>. E tamb\u00e9m para atacar a esquerda progressista: \u201cN\u00e3o vamos passear de flotilha para Gaza, fazendo grandes festas em Ibiza\u201d.<\/p>\n<p>Numa interven\u00e7\u00e3o curta \u2013 \u00e9 essa a regra nos congressos dos Patriotas \u2013Ventura rematou com a promessa de luta. E com um elogio ao comportamento do Vox nos confrontos contra imigrantes em M\u00farcia, de julho passado: <strong>\u201cSeguiremos juntos lutando. Uma Europa com menos imigra\u00e7\u00e3o: o que voc\u00eas fizeram em M\u00farcia d\u00e1-me um orgulho tremendo: obrigado Santiago [Abascal]!\u201d<\/strong><\/p>\n","protected":false},"excerpt":{"rendered":"Muito aplaudido no pavilh\u00e3o onde estavam muitos l\u00edderes da direita radical \u2013 o grupo \u201cPatriotas pela Europa\u201d \u2013&hellip;\n","protected":false},"author":2,"featured_media":71351,"comment_status":"","ping_status":"","sticky":false,"template":"","format":"standard","meta":{"footnotes":""},"categories":[50],"tags":[27,28,15,16,14,25,26,21,22,62,12,13,19,20,23,24,17,18,29,30,31,63,64,65],"class_list":{"0":"post-71350","1":"post","2":"type-post","3":"status-publish","4":"format-standard","5":"has-post-thumbnail","7":"category-mundo","8":"tag-breaking-news","9":"tag-breakingnews","10":"tag-featured-news","11":"tag-featurednews","12":"tag-headlines","13":"tag-latest-news","14":"tag-latestnews","15":"tag-main-news","16":"tag-mainnews","17":"tag-mundo","18":"tag-news","19":"tag-noticias","20":"tag-noticias-principais","21":"tag-noticiasprincipais","22":"tag-principais-noticias","23":"tag-principaisnoticias","24":"tag-top-stories","25":"tag-topstories","26":"tag-ultimas","27":"tag-ultimas-noticias","28":"tag-ultimasnoticias","29":"tag-world","30":"tag-world-news","31":"tag-worldnews"},"share_on_mastodon":{"url":"","error":""},"_links":{"self":[{"href":"https:\/\/www.europesays.com\/pt\/wp-json\/wp\/v2\/posts\/71350","targetHints":{"allow":["GET"]}}],"collection":[{"href":"https:\/\/www.europesays.com\/pt\/wp-json\/wp\/v2\/posts"}],"about":[{"href":"https:\/\/www.europesays.com\/pt\/wp-json\/wp\/v2\/types\/post"}],"author":[{"embeddable":true,"href":"https:\/\/www.europesays.com\/pt\/wp-json\/wp\/v2\/users\/2"}],"replies":[{"embeddable":true,"href":"https:\/\/www.europesays.com\/pt\/wp-json\/wp\/v2\/comments?post=71350"}],"version-history":[{"count":0,"href":"https:\/\/www.europesays.com\/pt\/wp-json\/wp\/v2\/posts\/71350\/revisions"}],"wp:featuredmedia":[{"embeddable":true,"href":"https:\/\/www.europesays.com\/pt\/wp-json\/wp\/v2\/media\/71351"}],"wp:attachment":[{"href":"https:\/\/www.europesays.com\/pt\/wp-json\/wp\/v2\/media?parent=71350"}],"wp:term":[{"taxonomy":"category","embeddable":true,"href":"https:\/\/www.europesays.com\/pt\/wp-json\/wp\/v2\/categories?post=71350"},{"taxonomy":"post_tag","embeddable":true,"href":"https:\/\/www.europesays.com\/pt\/wp-json\/wp\/v2\/tags?post=71350"}],"curies":[{"name":"wp","href":"https:\/\/api.w.org\/{rel}","templated":true}]}}