{"id":71352,"date":"2025-09-14T18:40:42","date_gmt":"2025-09-14T18:40:42","guid":{"rendered":"https:\/\/www.europesays.com\/pt\/71352\/"},"modified":"2025-09-14T18:40:42","modified_gmt":"2025-09-14T18:40:42","slug":"greve-no-aeroporto-de-lisboa-prejudica-brasileiros-e-tap","status":"publish","type":"post","link":"https:\/\/www.europesays.com\/pt\/71352\/","title":{"rendered":"Greve no aeroporto de Lisboa prejudica brasileiros e TAP"},"content":{"rendered":"<p>Desde que a Varig faliu, a TAP vem ocupando de fato a empresa de bandeira brasileira nas liga\u00e7\u00f5es com a Europa. S\u00e3o mais de dez voos di\u00e1rios ligando capitais brasileiras a Europa, via Lisboa. As ag\u00eancias de viagens est\u00e3o alertando passageiros para as anunciadas greves no aeroporto de Lisboa nos pr\u00f3ximos dois meses, provocando cancelamento de reservas e dificuldades para reorganizar datas e hot\u00e9is dos passageiros que aproveitam o stopover em Lisboa. Um casamento em final de outubro, no Porto, teve o grupo de 40 convidados transferidos para um voo da Iberia para Vigo, via Madrid. Os agentes de viagens lembram que no disputado m\u00eas de dezembro muita gente tem evitado passar por Lisboa pelas frequentes greves, no que denominam de \u2018chantagem sindical\u2019. E a TAP, em processo de recupera\u00e7\u00e3o e privatiza\u00e7\u00e3o, certamente ser\u00e1 prejudicada em outros mercados tamb\u00e9m. Lament\u00e1vel toler\u00e2ncia.<\/p>\n<p><strong>VARIEDADES<\/strong><\/p>\n<p><strong>\u2022 <\/strong>O Rio de Janeiro viveu a I Semana de Arte e Cultura, coincidindo com a RioArte, recebendo cerca de 50 mil visitantes nacionais e internacionais. O evento dos galeristas e colecionadores na Marina da Gl\u00f3ria recebeu mais de 30 mil visitantes e reuniu grupos vindos de grandes galerias internacionais.<\/p>\n<p><strong>\u2022<\/strong> Afinal, a novela do Banco Master terminou com o veto do Banco Central \u00e0 estranha opera\u00e7\u00e3o de venda para o banco estatal do governo de Bras\u00edlia. Um impressionante apoio pol\u00edtico manteve o banco agonizando por cinco meses, como os leitores desta coluna acompanharam. Recentemente a institui\u00e7\u00e3o tentou se instalar em Portugal adquirindo um banco de controle angolano, mas o Banco de Portugal n\u00e3o teria autorizado a opera\u00e7\u00e3o.<\/p>\n<p><strong>\u2022 <\/strong>Clima de tens\u00e3o nos mercados financeiros com a possibilidade de novas medidas restritivas ao Brasil por parte dos EUA, como decorr\u00eancia dos julgamentos dos envolvidos nas manifesta\u00e7\u00f5es violentas de janeiro de 2023, a come\u00e7ar pelo ex-Presidente Bolsonaro. A China \u00e9 a maior parceira comercial, mas os EUA s\u00e3o os maiores investidores no pa\u00eds, especialmente na ind\u00fastria. Lula joga na radicaliza\u00e7\u00e3o para se fortalecer em meio \u00e0 crise pol\u00edtica que enfrenta.<\/p>\n<p><strong>\u2022<\/strong> A fus\u00e3o da Marfrig, com BRF, l\u00edderes no mercado de alimentos, cria uma das cinco maiores do mundo. A BRF re\u00fane as marcas Sadia e Perdig\u00e3o, com mais de 300 produtos e lideran\u00e7a nos su\u00ednos e aves.<\/p>\n<p><strong>\u2022 <\/strong>Para iludir o consumidor e n\u00e3o chamar a aten\u00e7\u00e3o para a infla\u00e7\u00e3o, a ind\u00fastria de alimentos tem alterado a quantidade para manter os pre\u00e7os. Os que era 250 gramas passa a 200, o que era meio quilo passa a quatrocentas gramas.<\/p>\n<p><strong>\u2022<\/strong> A Princesa Christine de Orleans e Bragan\u00e7a, m\u00e3e de D. Rafael, Pr\u00edncipe do Brasil e primeiro na linha sucess\u00f3ria, completa esta semana 70 anos. Ela \u00e9 nascida Ligne, da B\u00e9lgica, e recebeu almo\u00e7o no Rio de Janeiro. Sua filha, Maria Gabriela, mora em Lisboa.<\/p>\n<p><strong>\u2022 <\/strong>Povo cansado da polariza\u00e7\u00e3o pol\u00edtica e do suceder de manifesta\u00e7\u00f5es diminui a presen\u00e7a nas ruas. No Sete de Setembro houve manifesta\u00e7\u00f5es com dez por cento do que j\u00e1 teve de frequ\u00eancia, em ambos os lados. E pouco sobre a data em si. Sinal dos tempos.<\/p>\n<p><strong>\u2022 <\/strong>O t\u00fanel submarino ligando Santos ao Guaruj\u00e1, a maior obra neste momento no Brasil, teve como vencedora a Mota-Engil portuguesa. S\u00f3 dois concorrentes, sendo a ACCIONA, espanhola a outra. Empresas brasileiras relevantes como Andrade Gutierrez e Odebrecht n\u00e3o sentiram firmeza no financiamento do banco de fomento do governo e n\u00e3o compareceram. As obras devem come\u00e7ar nos pr\u00f3ximos 100 dias.<\/p>\n<p>Jornalista<\/p>\n","protected":false},"excerpt":{"rendered":"Desde que a Varig faliu, a TAP vem ocupando de fato a empresa de bandeira brasileira nas liga\u00e7\u00f5es&hellip;\n","protected":false},"author":2,"featured_media":71353,"comment_status":"","ping_status":"","sticky":false,"template":"","format":"standard","meta":{"footnotes":""},"categories":[10],"tags":[18994,27,28,15,16,14,25,26,21,22,12,13,19,20,835,32,23,24,33,17,18,29,30,31],"class_list":{"0":"post-71352","1":"post","2":"type-post","3":"status-publish","4":"format-standard","5":"has-post-thumbnail","7":"category-portugal","8":"tag-brasil-presente","9":"tag-breaking-news","10":"tag-breakingnews","11":"tag-featured-news","12":"tag-featurednews","13":"tag-headlines","14":"tag-latest-news","15":"tag-latestnews","16":"tag-main-news","17":"tag-mainnews","18":"tag-news","19":"tag-noticias","20":"tag-noticias-principais","21":"tag-noticiasprincipais","22":"tag-opiniao","23":"tag-portugal","24":"tag-principais-noticias","25":"tag-principaisnoticias","26":"tag-pt","27":"tag-top-stories","28":"tag-topstories","29":"tag-ultimas","30":"tag-ultimas-noticias","31":"tag-ultimasnoticias"},"share_on_mastodon":{"url":"","error":""},"_links":{"self":[{"href":"https:\/\/www.europesays.com\/pt\/wp-json\/wp\/v2\/posts\/71352","targetHints":{"allow":["GET"]}}],"collection":[{"href":"https:\/\/www.europesays.com\/pt\/wp-json\/wp\/v2\/posts"}],"about":[{"href":"https:\/\/www.europesays.com\/pt\/wp-json\/wp\/v2\/types\/post"}],"author":[{"embeddable":true,"href":"https:\/\/www.europesays.com\/pt\/wp-json\/wp\/v2\/users\/2"}],"replies":[{"embeddable":true,"href":"https:\/\/www.europesays.com\/pt\/wp-json\/wp\/v2\/comments?post=71352"}],"version-history":[{"count":0,"href":"https:\/\/www.europesays.com\/pt\/wp-json\/wp\/v2\/posts\/71352\/revisions"}],"wp:featuredmedia":[{"embeddable":true,"href":"https:\/\/www.europesays.com\/pt\/wp-json\/wp\/v2\/media\/71353"}],"wp:attachment":[{"href":"https:\/\/www.europesays.com\/pt\/wp-json\/wp\/v2\/media?parent=71352"}],"wp:term":[{"taxonomy":"category","embeddable":true,"href":"https:\/\/www.europesays.com\/pt\/wp-json\/wp\/v2\/categories?post=71352"},{"taxonomy":"post_tag","embeddable":true,"href":"https:\/\/www.europesays.com\/pt\/wp-json\/wp\/v2\/tags?post=71352"}],"curies":[{"name":"wp","href":"https:\/\/api.w.org\/{rel}","templated":true}]}}