{"id":71354,"date":"2025-09-14T18:42:09","date_gmt":"2025-09-14T18:42:09","guid":{"rendered":"https:\/\/www.europesays.com\/pt\/71354\/"},"modified":"2025-09-14T18:42:09","modified_gmt":"2025-09-14T18:42:09","slug":"catarina-furtado-declara-se-a-dino-dsantiago-nunca-ataca-mesmo-quando-e-atacado","status":"publish","type":"post","link":"https:\/\/www.europesays.com\/pt\/71354\/","title":{"rendered":"Catarina Furtado declara-se a Dino D&#8217;Santiago: &#8220;Nunca ataca, mesmo quando \u00e9 atacado&#8221;"},"content":{"rendered":"<p>A apresentadora de televis\u00e3o, que estar\u00e1 a viver uma fase feliz no amor, n\u00e3o esquece um dos seus melhores amigos.<\/p>\n<p>Partilhar<\/p>\n<p><img decoding=\"async\" src=\"https:\/\/www.europesays.com\/pt\/wp-content\/uploads\/2025\/09\/1757875329_627_original.webp\" alt=\"Catarina Furtado, Dino D'Santiago\"\/><\/p>\n<p>Catarina Furtado, Dino D&#8217;Santiago<\/p>\n<p>(Getty Images)<\/p>\n<p style=\"text-align: start;\">&#8220;Chamado D\u2019Afonsa pelos amigos, Nuno pela fam\u00edlia, Adilson no passaporte, a sua vida desenrola-se entre salas de espera, processos adiados e um labirinto burocr\u00e1tico que o impede de ser plenamente reconhecido pelo pa\u00eds onde sempre viveu&#8221;, podia ler-se na apresenta\u00e7\u00e3o do espet\u00e1culo, cuja hist\u00f3ria representa &#8220;milhares de pessoas deixadas nas margens do sistema&#8221; e culmina com o grito &#8220;<strong>Eu n\u00e3o sou portugu\u00eas. Eu sou Portugal. Um pa\u00eds \u00e0 espera<\/strong>&#8220;.<\/p>\n<p>James Blunt<\/p>\n<p>(Getty Images)<\/p>\n<p style=\"text-align: start;\">Mais de um m\u00eas depois da divulga\u00e7\u00e3o da pe\u00e7a, a mesma est\u00e1 j\u00e1 em estreia, e tem recebido os primeiros elogios pela forma como os temas s\u00e3o tratados.<\/p>\n<p style=\"text-align: start;\">Quem j\u00e1 fez quest\u00e3o de assistir a este trabalho de Dino D&#8217;Santiago foi mesmo uma das melhores amigas do cantor &#8211; <a href=\"https:\/\/famashow.pt\/pesquisa?q=catarina+furtado\" target=\"_blank\" rel=\"noopener noreferrer nofollow\"><strong>Catarina Furtado<\/strong><\/a>.<\/p>\n<p style=\"text-align: start;\">&#8220;Ontem fui ver a \u00f3pera &#8216;Adilson&#8217;, cuja concep\u00e7\u00e3o, encena\u00e7\u00e3o, libreto e dramaturgia (a partir de um texto de Rui Catalao) \u00e9 do meu amigo DINO D\u2019SANTIAGO. Sa\u00ed da sala do CCB muito comovida, mais informada no meu lugar de privil\u00e9gio, mas n\u00e3o sa\u00ed zangada. Nem as pessoas que ouvi no final comentarem, algumas a sentirem na pele o que no palco estava a acontecer, expressavam discursos de \u00f3dio. Havia at\u00e9, uma esp\u00e9cie de paz no ar, que a arte pode oferecer\u2026&#8221;, come\u00e7ou por contar, na partilha em quest\u00e3o.<\/p>\n<p style=\"text-align: start;\">&#8220;Sa\u00ed com mais vontade (ainda) de continuar o trabalho que promove a justi\u00e7a&#8221;, disse ainda a apresentadora, antes de acabar por se declarar ao seu grande amigo.<\/p>\n<p style=\"text-align: start;\">&#8220;<strong>O Dino tem feito uma caminhada absolutamente essencial para que tantas pessoas possam ter as suas dores vis\u00edveis mas que se alimentem de esperan\u00e7a, atenuando a raiva e promovendo o amor<\/strong>&#8220;, anotou. &#8220;E faz isso da maneira mais urgente: unindo viv\u00eancias diferentes e at\u00e9 opini\u00f5es, para deixar nascer argumentos de paz que combatam a injusti\u00e7a social, a discrimina\u00e7\u00e3o, a vulnerabilidade. Sem agressividade&#8221;.<\/p>\n<p style=\"text-align: start;\">E continuou: &#8220;O Dino nunca ataca, mesmo quando \u00e9 atacado. N\u00e3o \u00e9 um salvador (nem pode ser visto assim!) mas ILUMINA caminhos. Tem intelig\u00eancia emocional, sabe SER e acredita piamente (mesmo quando o acusam de ing\u00e9nuo) que um dia o mundo ser\u00e1 um lugar onde todas as pessoas s\u00e3o tratadas como pessoas iguais, nas suas diferen\u00e7as&#8221;. Veja abaixo:<\/p>\n","protected":false},"excerpt":{"rendered":"A apresentadora de televis\u00e3o, que estar\u00e1 a viver uma fase feliz no amor, n\u00e3o esquece um dos seus&hellip;\n","protected":false},"author":2,"featured_media":71355,"comment_status":"","ping_status":"","sticky":false,"template":"","format":"standard","meta":{"footnotes":""},"categories":[145],"tags":[211,210,114,115,32,33],"class_list":{"0":"post-71354","1":"post","2":"type-post","3":"status-publish","4":"format-standard","5":"has-post-thumbnail","7":"category-celebridades","8":"tag-celebridades","9":"tag-celebrities","10":"tag-entertainment","11":"tag-entretenimento","12":"tag-portugal","13":"tag-pt"},"share_on_mastodon":{"url":"","error":""},"_links":{"self":[{"href":"https:\/\/www.europesays.com\/pt\/wp-json\/wp\/v2\/posts\/71354","targetHints":{"allow":["GET"]}}],"collection":[{"href":"https:\/\/www.europesays.com\/pt\/wp-json\/wp\/v2\/posts"}],"about":[{"href":"https:\/\/www.europesays.com\/pt\/wp-json\/wp\/v2\/types\/post"}],"author":[{"embeddable":true,"href":"https:\/\/www.europesays.com\/pt\/wp-json\/wp\/v2\/users\/2"}],"replies":[{"embeddable":true,"href":"https:\/\/www.europesays.com\/pt\/wp-json\/wp\/v2\/comments?post=71354"}],"version-history":[{"count":0,"href":"https:\/\/www.europesays.com\/pt\/wp-json\/wp\/v2\/posts\/71354\/revisions"}],"wp:featuredmedia":[{"embeddable":true,"href":"https:\/\/www.europesays.com\/pt\/wp-json\/wp\/v2\/media\/71355"}],"wp:attachment":[{"href":"https:\/\/www.europesays.com\/pt\/wp-json\/wp\/v2\/media?parent=71354"}],"wp:term":[{"taxonomy":"category","embeddable":true,"href":"https:\/\/www.europesays.com\/pt\/wp-json\/wp\/v2\/categories?post=71354"},{"taxonomy":"post_tag","embeddable":true,"href":"https:\/\/www.europesays.com\/pt\/wp-json\/wp\/v2\/tags?post=71354"}],"curies":[{"name":"wp","href":"https:\/\/api.w.org\/{rel}","templated":true}]}}