{"id":71366,"date":"2025-09-14T18:56:09","date_gmt":"2025-09-14T18:56:09","guid":{"rendered":"https:\/\/www.europesays.com\/pt\/71366\/"},"modified":"2025-09-14T18:56:09","modified_gmt":"2025-09-14T18:56:09","slug":"tenorio-jr-gravou-arranjo-de-orgao-em-album-india-de-gal-costa-ouca","status":"publish","type":"post","link":"https:\/\/www.europesays.com\/pt\/71366\/","title":{"rendered":"Ten\u00f3rio Jr gravou arranjo de \u00f3rg\u00e3o em \u00e1lbum \u2018\u00cdndia\u2019, de Gal Costa; ou\u00e7a"},"content":{"rendered":"<p data-component-name=\"paragraph\" class=\"styles__ParagraphStyled-sc-6adecn-0 cWrRiu  \">O pianista <a href=\"https:\/\/www.estadao.com.br\/tudo-sobre\/tenorio-junior\/?srsltid=AfmBOoqtEM18gTRBje8RA6p6SmWtPHI44GfN3YSOs9x0kty_16UmWQX2\" target=\"_blank\" rel=\"nofollow noopener\" title=\"https:\/\/www.estadao.com.br\/tudo-sobre\/tenorio-junior\/?srsltid=AfmBOoqtEM18gTRBje8RA6p6SmWtPHI44GfN3YSOs9x0kty_16UmWQX2\"><strong>Ten\u00f3rio J\u00fanior<\/strong><\/a>, cujo corpo foi identificado nesse s\u00e1bado, 13, cinquenta anos ap\u00f3s ser assassinado pela ditadura argentina, foi respons\u00e1vel pela grava\u00e7\u00e3o de \u00f3rg\u00e3o na m\u00fasica \u201cVolta\u201d, no ic\u00f4nico \u00e1lbum de \u201c\u00cdndia\u201d, de<a href=\"https:\/\/www.estadao.com.br\/tudo-sobre\/gal-costa\/?srsltid=AfmBOop2hQZF2NQ2S-v_oAYNUdvzTgAZ5hnwqXePjdxjTh-WfjFWqtyJ\" target=\"_blank\" rel=\"nofollow noopener\" title=\"https:\/\/www.estadao.com.br\/tudo-sobre\/gal-costa\/?srsltid=AfmBOop2hQZF2NQ2S-v_oAYNUdvzTgAZ5hnwqXePjdxjTh-WfjFWqtyJ\"><strong> Gal Costa<\/strong><\/a>, conforme descrito na ficha t\u00e9cnica da Apple Music. <\/p>\n<p data-component-name=\"paragraph\" class=\"styles__ParagraphStyled-sc-6adecn-0 cWrRiu  \">O corpo de Ten\u00f3rio <a href=\"https:\/\/www.estadao.com.br\/cultura\/corpo-de-musico-brasileiro-morto-pela-ditadura-argentina-e-identificado-50-anos-depois\/\" target=\"_blank\" rel=\"nofollow noopener\" title=\"https:\/\/www.estadao.com.br\/cultura\/corpo-de-musico-brasileiro-morto-pela-ditadura-argentina-e-identificado-50-anos-depois\/\"><strong>foi identificado pela Equipe Argentina de Antropologia Forense (EAAF)<\/strong><\/a>. O m\u00fasico desapareceu em 18 de mar\u00e7o de 1976, ap\u00f3s sair do Hotel Normandie, regi\u00e3o central de Buenos Aires. Ele acompanhava Toquinho e Vinicius de Moraes em uma turn\u00ea.<\/p>\n<p><img  loading=\"lazy\" class=\"lazy-load-img\"\/><\/p>\n<p>O corpo do pianista brasileiro Francisco Ten\u00f3rio Cerqueira J\u00fanior foi identificado pela Equipe Argentina de Antropologia Forense (EAAF). \u00a0Foto:  Equipe Argentina de Antropologia Forense (EAAF) \/ Acervo da fam\u00edlia<\/p>\n<p data-component-name=\"paragraph\" class=\"styles__ParagraphStyled-sc-6adecn-0 cWrRiu  \">Segundo a EAAF, o pianista foi identificado por meio da compara\u00e7\u00e3o de impress\u00f5es digitais. Embora seu corpo n\u00e3o tenha sido recuperado, sabe-se que ele foi enterrado sem identidade no cemit\u00e9rio de Benav\u00eddez, na prov\u00edncia de Buenos Aires.<\/p>\n<p>Al\u00e9m de Gal Costa, o pianista tem em seu curr\u00edculo grava\u00e7\u00f5es com artistas como Wanda S\u00e1, L\u00f4 Borges, Milton Nascimento, Edu Lobo, Egberto Gismonti, Sidney Miller e Nana Caymmi.<\/p>\n<p>Carioca do bairro de Laranjeiras, na zona sul do Rio de Janeiro, Ten\u00f3rio Jr. nasceu em julho de 1940. Iniciou sua carreira art\u00edstica aos 15 anos, quando estudava acorde\u00e3o e viol\u00e3o. Posteriormente dedicou-se ao piano, instrumento com o qual fez fama no universo musical.<\/p>\n","protected":false},"excerpt":{"rendered":"O pianista Ten\u00f3rio J\u00fanior, cujo corpo foi identificado nesse s\u00e1bado, 13, cinquenta anos ap\u00f3s ser assassinado pela ditadura&hellip;\n","protected":false},"author":2,"featured_media":70878,"comment_status":"","ping_status":"","sticky":false,"template":"","format":"standard","meta":{"footnotes":""},"categories":[145],"tags":[211,210,114,115,32,33],"class_list":{"0":"post-71366","1":"post","2":"type-post","3":"status-publish","4":"format-standard","5":"has-post-thumbnail","7":"category-celebridades","8":"tag-celebridades","9":"tag-celebrities","10":"tag-entertainment","11":"tag-entretenimento","12":"tag-portugal","13":"tag-pt"},"share_on_mastodon":{"url":"","error":""},"_links":{"self":[{"href":"https:\/\/www.europesays.com\/pt\/wp-json\/wp\/v2\/posts\/71366","targetHints":{"allow":["GET"]}}],"collection":[{"href":"https:\/\/www.europesays.com\/pt\/wp-json\/wp\/v2\/posts"}],"about":[{"href":"https:\/\/www.europesays.com\/pt\/wp-json\/wp\/v2\/types\/post"}],"author":[{"embeddable":true,"href":"https:\/\/www.europesays.com\/pt\/wp-json\/wp\/v2\/users\/2"}],"replies":[{"embeddable":true,"href":"https:\/\/www.europesays.com\/pt\/wp-json\/wp\/v2\/comments?post=71366"}],"version-history":[{"count":0,"href":"https:\/\/www.europesays.com\/pt\/wp-json\/wp\/v2\/posts\/71366\/revisions"}],"wp:featuredmedia":[{"embeddable":true,"href":"https:\/\/www.europesays.com\/pt\/wp-json\/wp\/v2\/media\/70878"}],"wp:attachment":[{"href":"https:\/\/www.europesays.com\/pt\/wp-json\/wp\/v2\/media?parent=71366"}],"wp:term":[{"taxonomy":"category","embeddable":true,"href":"https:\/\/www.europesays.com\/pt\/wp-json\/wp\/v2\/categories?post=71366"},{"taxonomy":"post_tag","embeddable":true,"href":"https:\/\/www.europesays.com\/pt\/wp-json\/wp\/v2\/tags?post=71366"}],"curies":[{"name":"wp","href":"https:\/\/api.w.org\/{rel}","templated":true}]}}