{"id":71367,"date":"2025-09-14T18:59:07","date_gmt":"2025-09-14T18:59:07","guid":{"rendered":"https:\/\/www.europesays.com\/pt\/71367\/"},"modified":"2025-09-14T18:59:07","modified_gmt":"2025-09-14T18:59:07","slug":"barbara-bandeira-interrompe-concerto-para-celebrar-vitoria-de-jessica-no-big-brother-e-o-momento-ja-e-viral-tvi","status":"publish","type":"post","link":"https:\/\/www.europesays.com\/pt\/71367\/","title":{"rendered":"B\u00e1rbara Bandeira interrompe concerto para celebrar vit\u00f3ria de J\u00e9ssica no Big Brother. E o momento j\u00e1 \u00e9 viral &#8211; TVI"},"content":{"rendered":"<ol>\n<li><a href=\"https:\/\/news.google.com\/rss\/articles\/CBMi_gFBVV95cUxPOGdBWi1BQ094T3U1dE9zU0FiS0REYWQ2TV9OcG5BWFRsV0NjVzFUVV9OZEo1dWtqOWx6TE5xeWdBQ3IxNnNNUWdHYVdteVRzUjdKYnJheFBnbVhiemh0ZGdqYUt0VkY5NkxzQ3UyVEhXdjhHY053a295b2hWbEpPN2dkeDA2TWtrNVpoaDNHTHNDNGw1eGNZMVhHM29TYXM5dlBaM0ptV2RzYkZiLVMtZE1xXzYyZXhKeC1BLUVyaE1qeVVkYTc5ZnBUUmNBRzktdW92cjlpZ0JBVXA5UUdnNlVpWDhtNFplR2dNaTRiYzVuV0FzWGt5UU02RUVUUdIBgwJBVV95cUxOLW9kNFBJZ2swTXdUa2thT0hSRmR6QVN3V1R3eFM1VFRMcF9sTTd6cjlENDJSYmRpc2R4T3M1MEgyZTlQT3NvdHN1X2haVzVuaVJ6RGdkLU1CZ1Y0Q1ZhczZnbnZ0aElIOHBnc2tkbDJQOU10eWVlSC1GbXVSUzRGRnNwS3NmSU4tUDRhYmNVc2k4SV9vWlNMcmVVMlhYZlZ5UUpsWG9vMXVpamlPeVMwdXNBT3dOLU04aUw4UTB5eS1ydF9mSjFoamlCV0Nhb2lic2VLNlg2ckYxbGRMWlUySms1LVVHS01qb19OUDRXYVdyUkxlWnNqMVB3ZDFxb1hFRk93?oc=5\" target=\"_blank\" rel=\"nofollow noopener\">B\u00e1rbara Bandeira interrompe concerto para celebrar vit\u00f3ria de J\u00e9ssica no Big Brother. E o momento j\u00e1 \u00e9 viral<\/a>&nbsp;&nbsp;TVI<\/li>\n<li><a href=\"https:\/\/news.google.com\/rss\/articles\/CBMimgJBVV95cUxNbFptSHlVeklETGZTbTJRZUt6MUNXNkEyMDc4b1htQV9sRDZzRURVWmNxckJoY0VINVcxNVJRNHQ3VmV5elFOelN5dEpvYXJPVTJDRnJpblhGYzdFSmpiSnhWRGpDRjVJQ3pOaklGTXBHQnFvendyLTVzWFRnclVaOW9vR3oyWTR5aF9XTmRvaTlHaFBxUFJmUWhvZS1mZ0lZNmRfaDJjSFFCUHkxQi1hRzlJRUFLYWZIejh1RVN6cldNdjZQTmdXYUlWVTBUdXg1MU1aRWZmWTVSLXVPRXlmVnhEcjRHaGNWT19vaVNiTnZQTTR4cHU2V2FNMGJpNnNIaVVteEk1RHEzVFh3V3lCbEVGdURyMGwwUXc?oc=5\" target=\"_blank\" rel=\"nofollow noopener\">Catarina Miranda volta a estar perto do seu grande sonho&#8230; e volta a falhar, com todos contra ela. E agora, qual o pr\u00f3ximo passo para a jovem de Almeirim?<\/a>&nbsp;&nbsp;Flash.pt<\/li>\n<li><a href=\"https:\/\/news.google.com\/rss\/articles\/CBMiswFBVV95cUxQTE9Ma0FwVmdvbE02X3YtS0dkSFBralE3SnVLb1ZFN0w4SXc4RmxlbUl4X2FZbldIRzdySndUVldUY1Q2TGlwZjJXYnBRZE1vTzlIamJmeHZJbU5Fb3YyMlB5OGRjQTM0MmFFbERCRml2LWJLMUtxOXdVNUI4bDJnRW1SZ2VsS3g5TmlGc283ZFVEUW5qOXJoZFVBbDFEUTZ3VzVnUjJRRG54bE5CbS0xS0NvYw?oc=5\" target=\"_blank\" rel=\"nofollow noopener\">&#8216;Big Brother Ver\u00e3o&#8217;. Numa disputa renhida, J\u00e9ssica \u00e9 a grande vencedora<\/a>&nbsp;&nbsp;Not\u00edcias ao Minuto<\/li>\n<li><a href=\"https:\/\/news.google.com\/rss\/articles\/CBMi3wFBVV95cUxNR1lkRWVqMU9mX0VMLUNvSzRqYWs1cnAxUlY5ZGx0NUxHXzlYeWlVV2pNT3NHMXQtdUtVRlAtVm9VQjZlUHB0bTRJRGJmX1oyYXFvY05GdkFiUVlwOXVHMUttODlKZU9fdHFXdENiaWxyeGR2LU5pUlREX2RQOVZaUGk4MjNFZ0dRQWFhVlI5WFlrdWFMYm1PUmoyU18waXI2cXpsRUs2VXRUU1ZBdlFuSGRHRjhPWjhjRGxiMTJGaDVaR3lUQmdpU09EWjU0SXNGY1VnTFRPYWZpYmVRS0Zj?oc=5\" target=\"_blank\" rel=\"nofollow noopener\">Agora \u00e9 desligar: J\u00e9ssica Vieira em jantar de lasanha com os que nunca a abandonaram, ap\u00f3s emiss\u00e3o escaldante<\/a>&nbsp;&nbsp;TV Guia.pt<\/li>\n<li><a href=\"https:\/\/news.google.com\/rss\/articles\/CBMilAFBVV95cUxQMllTQURrX2s2VjBpQzloSDJYREdrZWdLbXlfdUJqMnAxSzJ2b2JhRlAyNlpORU52OHh3OVdMc0JHUFVLVGhFOUVOc2RBZ1pTR2NQeEdURE00cmNuLTJtNllGMXU3WVRMVkY2WGpEQkxwa1h2cEc5NnJ3U28tTFZ3ZF9NMzJVZVM1S2N3VUREU1oxLTBY?oc=5\" target=\"_blank\" rel=\"nofollow noopener\">Gon\u00e7alo Quinaz: &#8220;O bem ir\u00e1 sempre se sobrepor ao mal&#8221;<\/a>&nbsp;&nbsp;A Televis\u00e3o<\/li>\n<\/ol>\n","protected":false},"excerpt":{"rendered":"B\u00e1rbara Bandeira interrompe concerto para celebrar vit\u00f3ria de J\u00e9ssica no Big Brother. E o momento j\u00e1 \u00e9 viral&nbsp;&nbsp;TVI&hellip;\n","protected":false},"author":2,"featured_media":70685,"comment_status":"","ping_status":"","sticky":false,"template":"","format":"standard","meta":{"footnotes":""},"categories":[142],"tags":[114,115,32,33,151],"class_list":{"0":"post-71367","1":"post","2":"type-post","3":"status-publish","4":"format-standard","5":"has-post-thumbnail","7":"category-tv","8":"tag-entertainment","9":"tag-entretenimento","10":"tag-portugal","11":"tag-pt","12":"tag-tv"},"share_on_mastodon":{"url":"","error":""},"_links":{"self":[{"href":"https:\/\/www.europesays.com\/pt\/wp-json\/wp\/v2\/posts\/71367","targetHints":{"allow":["GET"]}}],"collection":[{"href":"https:\/\/www.europesays.com\/pt\/wp-json\/wp\/v2\/posts"}],"about":[{"href":"https:\/\/www.europesays.com\/pt\/wp-json\/wp\/v2\/types\/post"}],"author":[{"embeddable":true,"href":"https:\/\/www.europesays.com\/pt\/wp-json\/wp\/v2\/users\/2"}],"replies":[{"embeddable":true,"href":"https:\/\/www.europesays.com\/pt\/wp-json\/wp\/v2\/comments?post=71367"}],"version-history":[{"count":0,"href":"https:\/\/www.europesays.com\/pt\/wp-json\/wp\/v2\/posts\/71367\/revisions"}],"wp:featuredmedia":[{"embeddable":true,"href":"https:\/\/www.europesays.com\/pt\/wp-json\/wp\/v2\/media\/70685"}],"wp:attachment":[{"href":"https:\/\/www.europesays.com\/pt\/wp-json\/wp\/v2\/media?parent=71367"}],"wp:term":[{"taxonomy":"category","embeddable":true,"href":"https:\/\/www.europesays.com\/pt\/wp-json\/wp\/v2\/categories?post=71367"},{"taxonomy":"post_tag","embeddable":true,"href":"https:\/\/www.europesays.com\/pt\/wp-json\/wp\/v2\/tags?post=71367"}],"curies":[{"name":"wp","href":"https:\/\/api.w.org\/{rel}","templated":true}]}}