{"id":71368,"date":"2025-09-14T19:00:34","date_gmt":"2025-09-14T19:00:34","guid":{"rendered":"https:\/\/www.europesays.com\/pt\/71368\/"},"modified":"2025-09-14T19:00:34","modified_gmt":"2025-09-14T19:00:34","slug":"katy-perry-em-curitiba-confira-o-guia-pratico-para-o-show-com-as-principais-informacoes-curitiba-cult","status":"publish","type":"post","link":"https:\/\/www.europesays.com\/pt\/71368\/","title":{"rendered":"Katy Perry em Curitiba: confira o guia pr\u00e1tico para o show com as principais informa\u00e7\u00f5es | Curitiba Cult"},"content":{"rendered":"<p style=\"text-align: justify;\">Os curitibanos j\u00e1 podem rugir de alegria, porque em poucos dias a capital paranaense recebe o show da<b> Katy Perry<\/b>! A cantora desembarca na <b>Arena da Baixada<\/b> no dia <strong>16 de setembro<\/strong> (ter\u00e7a-feira), prometendo uma <a href=\"https:\/\/curitibacult.com.br\/e-neste-sabado-13-festa-vitamina-especial-katy-perry-tera-open-bar-e-sorteio-de-ingressos-para-o-show\/\" target=\"_blank\" rel=\"noopener nofollow\">noite nost\u00e1lgica<\/a> de muito pop com a \u201c<b>The Lifetimes Tour<\/b>\u201d. Para quem ainda n\u00e3o garantiu presen\u00e7a, os \u00faltimos ingressos est\u00e3o dispon\u00edveis no site <b>Livepass<\/b>, a partir de R$ 450, mas \u00e9 bom correr antes que esgotem.<\/p>\n<p style=\"text-align: justify;\">E para ajudar os f\u00e3s a se prepararem para o grande dia, o <b>Curitiba Cult<\/b> organizou um guia pr\u00e1tico com todas as informa\u00e7\u00f5es essenciais do evento. Confira!<\/p>\n<p style=\"text-align: justify;\"><img loading=\"lazy\" decoding=\"async\" class=\"aligncenter wp-image-115225 size-full\" src=\"https:\/\/www.europesays.com\/pt\/wp-content\/uploads\/2025\/09\/Banner-guia-pratico-Katy-Perry-2.jpg\" alt=\"\" width=\"712\" height=\"115\"  \/><\/p>\n<p><img loading=\"lazy\" decoding=\"async\" class=\"aligncenter wp-image-115220 size-full\" src=\"https:\/\/www.europesays.com\/pt\/wp-content\/uploads\/2025\/09\/Banner-guia-pratico-Katy-Perry-7.jpg\" alt=\"\" width=\"712\" height=\"115\"  \/><\/p>\n<p><b>DE CARRO<\/b><\/p>\n<p style=\"text-align: justify;\">Se voc\u00ea \u00e9 daqueles que prefere ir de carro, a Arena da Baixada conta com um estacionamento pr\u00f3prio localizado na Rua Bras\u00edlio Itiber\u00ea, 3508. \u00c9 bom chegar cedo para garantir uma boa vaga.<\/p>\n<p><b>DE \u00d4NIBUS<\/b><\/p>\n<p style=\"text-align: justify;\">J\u00e1 para aqueles que preferem ou usam apenas o transporte coletivo, as linhas mais adequadas para quem ir\u00e1 ao show, s\u00e3o:<\/p>\n<p style=\"text-align: justify;\"><strong>011 Interbairros I (Anti-hor\u00e1rio)<\/strong><\/p>\n<p style=\"text-align: justify;\"><strong>200 LIGEIR\u00c3O Norte\/Sul<\/strong><\/p>\n<p style=\"text-align: justify;\"><strong>203 Santa C\u00e2ndida\/Cap\u00e3o Raso<\/strong><\/p>\n<p style=\"text-align: justify;\"><strong>670 S\u00e3o Jorge<\/strong><\/p>\n<p style=\"text-align: justify;\"><strong>673 Formosa<\/strong><\/p>\n<p style=\"text-align: justify;\"><strong>706 Caiu\u00e1 \u2013 Fazendinha \/ Centro<\/strong><\/p>\n<p style=\"text-align: justify;\"><strong>760 Santa Quit\u00e9ria<\/strong><\/p>\n<p style=\"text-align: justify;\"><strong>777 Vila Velha<\/strong><\/p>\n<p style=\"text-align: justify;\">A <strong>Secretaria Municipal de Defesa Social e Tr\u00e2nsito (SMDT)<\/strong> far\u00e1 bloqueios de ruas do bairro <strong>\u00c1gua Verde<\/strong> para a realiza\u00e7\u00e3o do show.<\/p>\n<p style=\"text-align: justify;\">As principais interfer\u00eancias no tr\u00e2nsito acontecer\u00e3o nos seguintes pontos:<\/p>\n<ul style=\"text-align: justify;\">\n<li style=\"font-weight: 400;\" aria-level=\"1\">Rua Engenheiros Rebou\u00e7as, no cruzamento com a Brigadeiro Franco.<\/li>\n<li style=\"font-weight: 400;\" aria-level=\"1\">Rua Buenos Aires, no cruzamento com a Avenida Get\u00falio Vargas.<\/li>\n<\/ul>\n<p style=\"text-align: justify;\">Moradores das regi\u00f5es afetadas poder\u00e3o acessar normalmente suas resid\u00eancias apresentando credencial ou documento que comprove endere\u00e7o no local.<\/p>\n<p style=\"text-align: justify;\">O trabalho contar\u00e1 com o apoio de monitores de tr\u00e2nsito, que estar\u00e3o na regi\u00e3o para orientar motoristas e pedestres.<\/p>\n<p style=\"text-align: justify;\"><img loading=\"lazy\" decoding=\"async\" class=\"aligncenter wp-image-115221 size-full\" src=\"https:\/\/www.europesays.com\/pt\/wp-content\/uploads\/2025\/09\/Banner-guia-pratico-Katy-Perry-6.jpg\" alt=\"\" width=\"712\" height=\"115\"  \/><\/p>\n<ul style=\"text-align: justify;\">\n<li style=\"font-weight: 400;\" aria-level=\"1\"><strong>Check-in VIP:<\/strong> 15h<\/li>\n<li style=\"font-weight: 400;\" aria-level=\"1\"><strong>Abertura dos port\u00f5es:<\/strong> 17h<\/li>\n<li style=\"font-weight: 400;\" aria-level=\"1\"><strong>In\u00edcio da apresenta\u00e7\u00e3o:<\/strong> 21h<\/li>\n<\/ul>\n<p style=\"text-align: justify;\"><b><img loading=\"lazy\" decoding=\"async\" class=\"aligncenter wp-image-115213 size-full\" src=\"https:\/\/www.europesays.com\/pt\/wp-content\/uploads\/2025\/09\/Banner-guia-pratico-Katy-Perry-14.jpg\" alt=\"\" width=\"712\" height=\"115\"  \/><\/b><\/p>\n<ul style=\"text-align: justify;\">\n<li style=\"font-weight: 400;\" aria-level=\"1\">No local da apresenta\u00e7\u00e3o, est\u00e3o dispon\u00edveis \u00e1reas para pessoas com defici\u00eancia devidamente sinalizadas;<\/li>\n<li style=\"font-weight: 400;\" aria-level=\"1\">Os espa\u00e7os est\u00e3o elevados com rampas de acesso, de acordo com as normas exigidas e delimitados com guarda-corpos e banheiros qu\u00edmicos adaptados. Ser\u00e1 liberada a entrada de um acompanhante na \u00e1rea PNE (Portadores de Necessidades Especiais);<\/li>\n<li style=\"font-weight: 400;\" aria-level=\"1\">Uma equipe de brigadistas estar\u00e1 dispon\u00edvel para acompanhamento ao local e assist\u00eancia. Seguran\u00e7as controlar\u00e3o os acessos para garantir o uso adequado.<\/li>\n<\/ul>\n<p style=\"text-align: justify;\"><img loading=\"lazy\" decoding=\"async\" class=\"aligncenter wp-image-115214 size-full\" src=\"https:\/\/www.europesays.com\/pt\/wp-content\/uploads\/2025\/09\/Banner-guia-pratico-Katy-Perry-13.jpg\" alt=\"\" width=\"712\" height=\"115\"  \/><\/p>\n<p style=\"text-align: justify;\">De acordo com o Simepar, a previs\u00e3o do tempo para ter\u00e7a-feira (16) em Curitiba \u00e9 de temperaturas entre <b>14\u00b0 C e 25\u00b0<\/b> <b>C<\/b>. E apesar do clima ameno, a probabilidade de chance de chuva est\u00e1 marcada para 98%, ent\u00e3o n\u00e3o esque\u00e7a a sua capa de chuva para curtir o show sem perrengue.\u00a0<\/p>\n<p style=\"text-align: justify;\"><img loading=\"lazy\" decoding=\"async\" class=\"aligncenter wp-image-115218 size-full\" src=\"https:\/\/www.europesays.com\/pt\/wp-content\/uploads\/2025\/09\/Banner-guia-pratico-Katy-Perry-9.jpg\" alt=\"\" width=\"712\" height=\"115\"  \/><\/p>\n<p style=\"text-align: justify;\">\u00daltimos ingressos dispon\u00edveis no site <a href=\"https:\/\/www.livepass.com.br\/event\/katy-perry-the-lifetimes-tour-arena-da-baixada-20287094\/\" target=\"_blank\" rel=\"noopener nofollow\">Livepass<\/a>. Os ingressos da categoria meia-entrada dever\u00e3o ser comprovados mediante \u00e0 documenta\u00e7\u00e3o.<\/p>\n<p style=\"text-align: justify;\"><b>PIT B:<\/b> R$ 1.350 (inteira)<\/p>\n<p style=\"text-align: justify;\"><b>Pista Premium:<\/b> R$ 870 (inteira)<\/p>\n<p style=\"text-align: justify;\"><b>PISTA: <\/b>R$ 425 (inteira)<\/p>\n<p style=\"text-align: justify;\"><b>Cadeira Inferior:<\/b> R$ 620 (inteira)<\/p>\n<p style=\"text-align: justify;\"><b>Cadeira Superior: <\/b>R$ 425 (inteira)<\/p>\n<p><img loading=\"lazy\" decoding=\"async\" class=\"aligncenter wp-image-115215 size-full\" src=\"https:\/\/www.europesays.com\/pt\/wp-content\/uploads\/2025\/09\/Banner-guia-pratico-Katy-Perry-12.jpg\" alt=\"\" width=\"712\" height=\"115\"  \/><\/p>\n<ul style=\"text-align: justify;\">\n<li style=\"font-weight: 400;\" aria-level=\"1\">Os ingressos j\u00e1 est\u00e3o dispon\u00edveis para download no site Livepass, em \u201cMeus Pedidos\u201d;<\/li>\n<li style=\"font-weight: 400;\" aria-level=\"1\">\u00c9 recomendado a impress\u00e3o do ingresso;<\/li>\n<li style=\"font-weight: 400;\" aria-level=\"1\">Caso opte pela leitura na tela do seu celular, use o PDF. Evite o print de tela, a imagem pode n\u00e3o ser reconhecida pelo leitor.<\/li>\n<li style=\"font-weight: 400;\" aria-level=\"1\">O ingresso ser\u00e1 validado apenas uma vez no acesso. C\u00f3pias ou fotos posteriores ter\u00e3o o acesso negado;<\/li>\n<\/ul>\n<p><img loading=\"lazy\" decoding=\"async\" class=\"aligncenter wp-image-115067\" src=\"https:\/\/www.europesays.com\/pt\/wp-content\/uploads\/2025\/09\/Mapa-Katy-Perry-em-Curitiba.png\" alt=\"\" width=\"500\" height=\"500\"  \/><\/p>\n<p style=\"text-align: justify;\"><img loading=\"lazy\" decoding=\"async\" class=\"aligncenter wp-image-115216 size-full\" src=\"https:\/\/www.europesays.com\/pt\/wp-content\/uploads\/2025\/09\/Banner-guia-pratico-Katy-Perry-11.jpg\" alt=\"\" width=\"712\" height=\"115\"  \/><\/p>\n<ul style=\"text-align: justify;\">\n<li style=\"font-weight: 400;\" aria-level=\"1\">Fogos de artif\u00edcio, de estampido, gases, subst\u00e2ncias corrosivas ou inflam\u00e1veis em geral, laser ou similares;<\/li>\n<li style=\"font-weight: 400;\" aria-level=\"1\">Lasers, Walkie Talkie e drones;<\/li>\n<li style=\"font-weight: 400;\" aria-level=\"1\">Pistolas de \u00e1gua, bal\u00f5es, malabares e buzinas de ar;<\/li>\n<li style=\"font-weight: 400;\" aria-level=\"1\">Cadeiras, bancos ou similares;<\/li>\n<li style=\"font-weight: 400;\" aria-level=\"1\">Panfletos, adesivos, jornais e revistas;<\/li>\n<li style=\"font-weight: 400;\" aria-level=\"1\">Bebidas alco\u00f3licas e cigarros eletr\u00f4nicos.\u00a0<\/li>\n<li style=\"font-weight: 400;\" aria-level=\"1\">Animais, exceto c\u00e3es guias identificados e acompanhados de portadores de defici\u00eancias visuais;<\/li>\n<li style=\"font-weight: 400;\" aria-level=\"1\">Megafones, buzinas e instrumentos musicais;<\/li>\n<li style=\"font-weight: 400;\" aria-level=\"1\">Mochilas ou bolsas maiores que 30 x 20 cm (as mochilas e bolsas menores que 30 x 20 cm s\u00e3o permitidas mediante vistoria)<\/li>\n<li style=\"font-weight: 400;\" aria-level=\"1\">Camisetas de times e de torcidas organizadas;<\/li>\n<li style=\"font-weight: 400;\" aria-level=\"1\">Drogas ilegais, subst\u00e2ncias t\u00f3xicas, medicamentos sem receita e quaisquer outros tipos de entorpecentes;<\/li>\n<li style=\"font-weight: 400;\" aria-level=\"1\">Capacetes de motos e similares;<\/li>\n<li style=\"font-weight: 400;\" aria-level=\"1\">Armas de fogo ou armas brancas de qualquer tipo ou esp\u00e9cie;<\/li>\n<li style=\"font-weight: 400;\" aria-level=\"1\">Alimentos e bebidas em qualquer tipo de embalagem;<\/li>\n<li style=\"font-weight: 400;\" aria-level=\"1\">Roupas ou acess\u00f3rios com partes pontiagudas que possam machucar, correntes, cintur\u00f5es e pingentes;<\/li>\n<li style=\"font-weight: 400;\" aria-level=\"1\">Desodorante, cosm\u00e9ticos ou perfumes em recipientes com volume superior a 90ml;<\/li>\n<li style=\"font-weight: 400;\" aria-level=\"1\">Bast\u00e3o para tirar fotos, filmadoras, m\u00e1quinas fotogr\u00e1ficas profissionais com lentes retr\u00e1teis e\/ou remov\u00edveis;<\/li>\n<li style=\"font-weight: 400;\" aria-level=\"1\">Guarda-chuvas de qualquer tamanho, papel em rolo, revistas, bandeiras e faixas com ou sem mastro;<\/li>\n<li style=\"font-weight: 400;\" aria-level=\"1\">Qualquer produto para comercializa\u00e7\u00e3o;<\/li>\n<li style=\"font-weight: 400;\" aria-level=\"1\">Copos e canecas de vidro, alum\u00ednio ou cer\u00e2mica.<\/li>\n<\/ul>\n<p><b>SERVI\u00c7O \u2013 KATY PERRY EM CURITIBA<\/b><\/p>\n<p style=\"text-align: justify;\"><b>Quando:<\/b> 16 de setembro de 2025 (ter\u00e7a-feira)<\/p>\n<p style=\"text-align: justify;\"><b>Onde:<\/b> Arena da Baixada (R. Buenos Aires, 1260)<\/p>\n<p style=\"text-align: justify;\"><b>Hor\u00e1rios:<\/b><\/p>\n<ul style=\"text-align: justify;\">\n<li aria-level=\"1\"><strong>Check-in VIP:<\/strong> 15h<\/li>\n<li style=\"font-weight: 400;\" aria-level=\"1\"><strong>Abertura dos port\u00f5es:<\/strong> 17h<\/li>\n<li style=\"font-weight: 400;\" aria-level=\"1\"><strong>In\u00edcio da apresenta\u00e7\u00e3o:<\/strong> 21h<\/li>\n<\/ul>\n<p style=\"text-align: justify;\"><b>Quanto:<\/b> R$ 425 e R$ 1.350, variando conforme o setor<\/p>\n<p style=\"text-align: justify;\"><b>Ingressos:<\/b> no site <a href=\"https:\/\/www.livepass.com.br\/event\/katy-perry-the-lifetimes-tour-arena-da-baixada-20287094\/\" target=\"_blank\" rel=\"noopener nofollow\">Livepass<\/a> ou direto na bilheteria oficial na Loja Oficial do Athletico<\/p>\n<p style=\"text-align: justify;\"><b>Classifica\u00e7\u00e3o Et\u00e1ria: <\/b>16 anos desacompanhado. Menores de 16 anos apenas acompanhados dos pais\/respons\u00e1vel legal. Sujeito a altera\u00e7\u00e3o, conforme decis\u00e3o judicial.<\/p>\n","protected":false},"excerpt":{"rendered":"Os curitibanos j\u00e1 podem rugir de alegria, porque em poucos dias a capital paranaense recebe o show da&hellip;\n","protected":false},"author":2,"featured_media":71369,"comment_status":"","ping_status":"","sticky":false,"template":"","format":"standard","meta":{"footnotes":""},"categories":[141],"tags":[114,115,149,150,32,33],"class_list":{"0":"post-71368","1":"post","2":"type-post","3":"status-publish","4":"format-standard","5":"has-post-thumbnail","7":"category-musica","8":"tag-entertainment","9":"tag-entretenimento","10":"tag-music","11":"tag-musica","12":"tag-portugal","13":"tag-pt"},"share_on_mastodon":{"url":"","error":""},"_links":{"self":[{"href":"https:\/\/www.europesays.com\/pt\/wp-json\/wp\/v2\/posts\/71368","targetHints":{"allow":["GET"]}}],"collection":[{"href":"https:\/\/www.europesays.com\/pt\/wp-json\/wp\/v2\/posts"}],"about":[{"href":"https:\/\/www.europesays.com\/pt\/wp-json\/wp\/v2\/types\/post"}],"author":[{"embeddable":true,"href":"https:\/\/www.europesays.com\/pt\/wp-json\/wp\/v2\/users\/2"}],"replies":[{"embeddable":true,"href":"https:\/\/www.europesays.com\/pt\/wp-json\/wp\/v2\/comments?post=71368"}],"version-history":[{"count":0,"href":"https:\/\/www.europesays.com\/pt\/wp-json\/wp\/v2\/posts\/71368\/revisions"}],"wp:featuredmedia":[{"embeddable":true,"href":"https:\/\/www.europesays.com\/pt\/wp-json\/wp\/v2\/media\/71369"}],"wp:attachment":[{"href":"https:\/\/www.europesays.com\/pt\/wp-json\/wp\/v2\/media?parent=71368"}],"wp:term":[{"taxonomy":"category","embeddable":true,"href":"https:\/\/www.europesays.com\/pt\/wp-json\/wp\/v2\/categories?post=71368"},{"taxonomy":"post_tag","embeddable":true,"href":"https:\/\/www.europesays.com\/pt\/wp-json\/wp\/v2\/tags?post=71368"}],"curies":[{"name":"wp","href":"https:\/\/api.w.org\/{rel}","templated":true}]}}