{"id":71372,"date":"2025-09-14T19:03:15","date_gmt":"2025-09-14T19:03:15","guid":{"rendered":"https:\/\/www.europesays.com\/pt\/71372\/"},"modified":"2025-09-14T19:03:15","modified_gmt":"2025-09-14T19:03:15","slug":"casos-de-sarampo-tiveram-aumento-de-34-vezes-em-2025-alerta-opas-3","status":"publish","type":"post","link":"https:\/\/www.europesays.com\/pt\/71372\/","title":{"rendered":"Casos de sarampo tiveram aumento de 34 vezes em 2025, alerta Opas"},"content":{"rendered":"<p><a class=\"\" href=\"https:\/\/agenciabrasil.ebc.com.br\/saude\/noticia\/2025-09\/casos-de-sarampo-tiveram-aumento-de-34-vezes-em-2025-alerta-opas\" rel=\"nofollow noopener\" target=\"_blank\"><br \/><img decoding=\"async\" src=\"https:\/\/cdn.jsdelivr.net\/gh\/sergiosdlima\/assets-ebc@1.0.0\/abr\/assets\/images\/logo-agenciabrasil.svg\" alt=\"Logo Ag\u00eancia Brasil\"\/><br \/><\/a><\/p>\n<p>A Organiza\u00e7\u00e3o Pan-Americana da Sa\u00fade (Opas) emitiu alerta em agosto, ap\u00f3s constatar aumento de 34 vezes no n\u00famero de casos de sarampo em rela\u00e7\u00e3o a 2024. Dez pa\u00edses das Am\u00e9ricas registraram ocorr\u00eancias da doen\u00e7a, somando mais de 10 mil confirma\u00e7\u00f5es e 18 mortes.<img decoding=\"async\" src=\"https:\/\/agenciabrasil.ebc.com.br\/ebc.png?id=1658409&amp;o=rss\"\/><img decoding=\"async\" src=\"https:\/\/agenciabrasil.ebc.com.br\/ebc.gif?id=1658409&amp;o=rss\"\/><\/p>\n<p><strong>Os \u00f3bitos se concentram no M\u00e9xico (14), nos Estados Unidos (3) e no Canad\u00e1 (1). No Brasil, os registros mais recentes apontam 24 casos at\u00e9 o final de agosto, 19 no Tocantins.<\/strong> Embora o pa\u00eds esteja entre aqueles com menor n\u00famero de casos na regi\u00e3o, permanece em estado de aten\u00e7\u00e3o diante da alta transmissibilidade do v\u00edrus.<\/p>\n<p>Not\u00edcias relacionadas:<strong>Para a chefe do Laborat\u00f3rio de V\u00edrus Respirat\u00f3rios, Exantem\u00e1ticos, Enterov\u00edrus e Emerg\u00eancias Virais do Instituto Oswaldo Cruz (Fiocruz), Marilda Siqueira, \u00e9 urgente elevar as coberturas vacinais.<\/strong><\/p>\n<blockquote>\n<p>\u201cO sarampo \u00e9 altamente transmiss\u00edvel. Precisamos atingir, no m\u00ednimo, 95% de cobertura vacinal para criarmos uma prote\u00e7\u00e3o coletiva, reduzindo a quantidade de pessoas suscet\u00edveis ao v\u00edrus\u201d, alerta.\u00a0<\/p>\n<p><\/p><\/blockquote>\n<p><strong>Altamente contagioso, o sarampo se espalha pelo ar por meio de secre\u00e7\u00f5es de indiv\u00edduos infectados e pode infectar pessoas de todas as idades<\/strong>. Os sintomas incluem febre alta, erup\u00e7\u00e3o cut\u00e2nea que se dissemina por todo o corpo, congest\u00e3o nasal e irrita\u00e7\u00e3o ocular. A doen\u00e7a pode evoluir para complica\u00e7\u00f5es graves, como pneumonia, encefalite, diarreia intensa e at\u00e9 cegueira, sobretudo em crian\u00e7as desnutridas e pessoas com imunidade comprometida.<\/p>\n<p><a href=\"https:\/\/www.whatsapp.com\/channel\/0029VaoRTgrInlqYLSk59B2M\" target=\"_blank\" rel=\"nofollow noopener\">&gt;&gt; Siga o canal da <strong>Ag\u00eancia Brasil<\/strong> no WhatsApp<\/a><\/p>\n<p>Vacina \u00e9 a solu\u00e7\u00e3o<\/p>\n<p>At\u00e9 o in\u00edcio da d\u00e9cada de 1990, o sarampo era uma das principais causas de mortalidade infantil no mundo, provocando cerca de 2,5 milh\u00f5es de \u00f3bitos por ano, em sua maioria entre crian\u00e7as. A cobertura vacinal mudou esse cen\u00e1rio, permitindo que pa\u00edses reduzissem progressivamente os casos e alcan\u00e7assem a elimina\u00e7\u00e3o da circula\u00e7\u00e3o end\u00eamica em diversas regi\u00f5es. Nas Am\u00e9ricas, o feito foi reconhecido em 2016, quando o continente recebeu o certificado oficial de elimina\u00e7\u00e3o da doen\u00e7a.<\/p>\n<p>No entanto, essa conquista n\u00e3o significa que o v\u00edrus tenha desaparecido. O risco de reintrodu\u00e7\u00e3o \u00e9 constante, sobretudo em contextos de baixa cobertura vacinal. Segundo a Opas, a maioria dos casos registrados em 2025 nas Am\u00e9ricas ocorreu justamente entre pessoas n\u00e3o vacinadas, enquanto outra parcela significativa envolveu indiv\u00edduos com situa\u00e7\u00e3o vacinal desconhecida. \u00a0<\/p>\n<p><strong>A prote\u00e7\u00e3o contra o sarampo depende da aplica\u00e7\u00e3o de duas doses da vacina. No Brasil, a vacina\u00e7\u00e3o regular prev\u00ea a primeira aos 12 meses e a segunda aos 15 meses de idade, podendo incluir outras faixas et\u00e1rias em campanhas espec\u00edficas.<\/strong><\/p>\n<p>De acordo com a infectologista Marilda Siqueira, \u201cas crian\u00e7as que n\u00e3o t\u00eam as duas doses registradas na caderneta n\u00e3o est\u00e3o totalmente protegidas\u201d. Segundo ela, a ades\u00e3o ao calend\u00e1rio vacinal \u00e9 essencial para impedir o retorno do sarampo.<\/p>\n<p>Segundo a Opas, a cobertura nas Am\u00e9ricas ainda n\u00e3o atingiu os 95% recomendados para bloquear a propaga\u00e7\u00e3o do v\u00edrus. Em 2024, apenas 89% receberam a primeira dose da vacina tr\u00edplice viral e somente 79% completaram a segunda.<\/p>\n<p>No Brasil, a situa\u00e7\u00e3o \u00e9 mais favor\u00e1vel em compara\u00e7\u00e3o \u00e0 m\u00e9dia continental. Ap\u00f3s anos de queda, a cobertura vacinal voltou a crescer a partir de 2023, com resultados expressivos em 2024. Segundo o Minist\u00e9rio da Sa\u00fade, o n\u00famero de munic\u00edpios que atingiram a meta de 95% de imuniza\u00e7\u00e3o contra o sarampo, caxumba e rub\u00e9ola na segunda dose do tr\u00edplice viral mais que dobrou em dois anos, passando de 855 em 2022 para 2.408 em 2024. \u00a0<\/p>\n<p><strong>Em 2025, diante do aumento de casos em pa\u00edses vizinhos, o Brasil vem refor\u00e7ando suas a\u00e7\u00f5es de imuniza\u00e7\u00e3o, tanto em \u00e1reas de fronteira quanto em todo o territ\u00f3rio nacional<\/strong>. No Sul, a reativa\u00e7\u00e3o da Comiss\u00e3o Binacional de Sa\u00fade com o Uruguai resultou em\u00a0grande mobiliza\u00e7\u00e3o conjunta em Sant\u2019Ana do Livramento, no Rio Grande do Sul, e Rivera, no Uruguai, ampliando a prote\u00e7\u00e3o de moradores locais e imigrantes.<\/p>\n<p>Al\u00e9m disso, o Minist\u00e9rio da Sa\u00fade tem promovido sucessivos dias D de vacina\u00e7\u00e3o contra o sarampo em diferentes estados. Em julho, a mobiliza\u00e7\u00e3o ocorreu em cidades de fronteira do Acre, de Mato Grosso, Mato Grosso do Sul e Rond\u00f4nia, com cerca de 3 mil doses aplicadas. Em agosto, todos os 79 munic\u00edpios de Mato Grosso do Sul participaram da campanha.<\/p>\n<p>Marilda refor\u00e7a, no entanto, que nenhuma estrat\u00e9gia ter\u00e1 efeito se a popula\u00e7\u00e3o n\u00e3o fizer a sua parte. \u201cEm conjunto com secretarias estaduais e municipais, o Minist\u00e9rio da Sa\u00fade est\u00e1 atuando nos munic\u00edpios com casos confirmados para evitar a dissemina\u00e7\u00e3o do v\u00edrus. Mas esse trabalho s\u00f3 ter\u00e1 sucesso se contar com a participa\u00e7\u00e3o da popula\u00e7\u00e3o. Isso significa procurar o servi\u00e7o de sa\u00fade ao apresentar febre com exantema \u2014 aquelas manchas vermelhas pelo corpo \u2014 e manter a vacina\u00e7\u00e3o em dia\u201d, completa.<\/p>\n<p>\t\t\t\t\t<br style=\"clear: both\"\/><\/p>\n","protected":false},"excerpt":{"rendered":"A Organiza\u00e7\u00e3o Pan-Americana da Sa\u00fade (Opas) emitiu alerta em agosto, ap\u00f3s constatar aumento de 34 vezes no n\u00famero&hellip;\n","protected":false},"author":2,"featured_media":71373,"comment_status":"","ping_status":"","sticky":false,"template":"","format":"standard","meta":{"footnotes":""},"categories":[86],"tags":[609,5747,7628,116,32,33,1670,117,18995,18996],"class_list":{"0":"post-71372","1":"post","2":"type-post","3":"status-publish","4":"format-standard","5":"has-post-thumbnail","7":"category-saude","8":"tag-alerta","9":"tag-aumento","10":"tag-casos","11":"tag-health","12":"tag-portugal","13":"tag-pt","14":"tag-sarampo","15":"tag-saude","16":"tag-tiveram","17":"tag-vezes"},"share_on_mastodon":{"url":"","error":""},"_links":{"self":[{"href":"https:\/\/www.europesays.com\/pt\/wp-json\/wp\/v2\/posts\/71372","targetHints":{"allow":["GET"]}}],"collection":[{"href":"https:\/\/www.europesays.com\/pt\/wp-json\/wp\/v2\/posts"}],"about":[{"href":"https:\/\/www.europesays.com\/pt\/wp-json\/wp\/v2\/types\/post"}],"author":[{"embeddable":true,"href":"https:\/\/www.europesays.com\/pt\/wp-json\/wp\/v2\/users\/2"}],"replies":[{"embeddable":true,"href":"https:\/\/www.europesays.com\/pt\/wp-json\/wp\/v2\/comments?post=71372"}],"version-history":[{"count":0,"href":"https:\/\/www.europesays.com\/pt\/wp-json\/wp\/v2\/posts\/71372\/revisions"}],"wp:featuredmedia":[{"embeddable":true,"href":"https:\/\/www.europesays.com\/pt\/wp-json\/wp\/v2\/media\/71373"}],"wp:attachment":[{"href":"https:\/\/www.europesays.com\/pt\/wp-json\/wp\/v2\/media?parent=71372"}],"wp:term":[{"taxonomy":"category","embeddable":true,"href":"https:\/\/www.europesays.com\/pt\/wp-json\/wp\/v2\/categories?post=71372"},{"taxonomy":"post_tag","embeddable":true,"href":"https:\/\/www.europesays.com\/pt\/wp-json\/wp\/v2\/tags?post=71372"}],"curies":[{"name":"wp","href":"https:\/\/api.w.org\/{rel}","templated":true}]}}