{"id":71378,"date":"2025-09-14T19:07:13","date_gmt":"2025-09-14T19:07:13","guid":{"rendered":"https:\/\/www.europesays.com\/pt\/71378\/"},"modified":"2025-09-14T19:07:13","modified_gmt":"2025-09-14T19:07:13","slug":"funeral-no-arizona-com-presenca-de-trump-confirmada","status":"publish","type":"post","link":"https:\/\/www.europesays.com\/pt\/71378\/","title":{"rendered":"Funeral no Arizona com Presen\u00e7a de Trump Confirmada"},"content":{"rendered":"<p>O funeral do ativista conservador norte-americano Charlie Kirk, assassinado na quarta-feira, vai realizar-se a 21 de setembro no estado do Arizona, anunciou este s\u00e1bado (13) a organiza\u00e7\u00e3o Turning Point, da qual era fundador.<\/p>\n<p>O funeral ir\u00e1 realizar-se na manh\u00e3 de 21 de setembro no est\u00e1dio State Farm, sede da equipa de futebol americano Arizona Cardinals, em Glendale, cidade situada a cerca de 25 quil\u00f3metros de Phoenix, a capital do estado do Arizona (sudoeste), de acordo com a organiza\u00e7\u00e3o, numa publica\u00e7\u00e3o partilhada nas redes sociais.<\/p>\n<p>\u201cJunte-se a n\u00f3s para celebrar a vida extraordin\u00e1ria e o legado duradouro de Charlie Kirk, uma lenda americana\u201d, pode ler-se na publica\u00e7\u00e3o.<\/p>\n<p>Charlie Kirk, de 31 anos, foi morto a tiro na quarta-feira, perante centenas de pessoas, quando participava num debate na Universidade Utah Valley, no estado do Utah.<\/p>\n<p>O presidente norte-americano, Donald Trump, que responsabilizou a \u201cesquerda radical\u201d e \u201cos lun\u00e1ticos\u201d pelo assassinato, comprometeu-se na sexta-feira a estar presente no funeral depois de falar com a mulher de Charlie Kirk, Erika Kirk. \u201cPediu-me para ir e acho que tenho obriga\u00e7\u00e3o de faz\u00ea-lo. Irei\u201d, disse na sexta-feira.<\/p>\n<p>Amplamente conhecido por ter fundado a organiza\u00e7\u00e3o conservadora Turning Point USA, Charlie Kirk era um aliado pr\u00f3ximo de Trump. O presidente dos EUA anunciou a atribui\u00e7\u00e3o, a t\u00edtulo p\u00f3stumo, da Medalha Presidencial da Liberdade, a mais alta condecora\u00e7\u00e3o civil do pa\u00eds.<\/p>\n<p>O detido e suspeito da morte de Charlie Kirk \u00e9 Tyler Robinson, um jovem branco de 22 anos, que disparou uma espingarda a partir do telhado de um edif\u00edcio perto do local onde acontecia o debate.<\/p>\n<p>At\u00e9 ao momento, as autoridades n\u00e3o forneceram detalhes sobre as acusa\u00e7\u00f5es que Robinson vai enfrentar, embora possa ser acusado de homic\u00eddio qualificado, um crime pass\u00edvel de pena de morte.<\/p>\n","protected":false},"excerpt":{"rendered":"O funeral do ativista conservador norte-americano Charlie Kirk, assassinado na quarta-feira, vai realizar-se a 21 de setembro no&hellip;\n","protected":false},"author":2,"featured_media":66401,"comment_status":"","ping_status":"","sticky":false,"template":"","format":"standard","meta":{"footnotes":""},"categories":[50],"tags":[27,28,18223,413,15,16,3562,14,25,26,21,22,62,12,13,19,20,23,24,17,18,29,30,31,63,64,65],"class_list":{"0":"post-71378","1":"post","2":"type-post","3":"status-publish","4":"format-standard","5":"has-post-thumbnail","7":"category-mundo","8":"tag-breaking-news","9":"tag-breakingnews","10":"tag-charlie-kirk","11":"tag-eua","12":"tag-featured-news","13":"tag-featurednews","14":"tag-funeral","15":"tag-headlines","16":"tag-latest-news","17":"tag-latestnews","18":"tag-main-news","19":"tag-mainnews","20":"tag-mundo","21":"tag-news","22":"tag-noticias","23":"tag-noticias-principais","24":"tag-noticiasprincipais","25":"tag-principais-noticias","26":"tag-principaisnoticias","27":"tag-top-stories","28":"tag-topstories","29":"tag-ultimas","30":"tag-ultimas-noticias","31":"tag-ultimasnoticias","32":"tag-world","33":"tag-world-news","34":"tag-worldnews"},"share_on_mastodon":{"url":"","error":""},"_links":{"self":[{"href":"https:\/\/www.europesays.com\/pt\/wp-json\/wp\/v2\/posts\/71378","targetHints":{"allow":["GET"]}}],"collection":[{"href":"https:\/\/www.europesays.com\/pt\/wp-json\/wp\/v2\/posts"}],"about":[{"href":"https:\/\/www.europesays.com\/pt\/wp-json\/wp\/v2\/types\/post"}],"author":[{"embeddable":true,"href":"https:\/\/www.europesays.com\/pt\/wp-json\/wp\/v2\/users\/2"}],"replies":[{"embeddable":true,"href":"https:\/\/www.europesays.com\/pt\/wp-json\/wp\/v2\/comments?post=71378"}],"version-history":[{"count":0,"href":"https:\/\/www.europesays.com\/pt\/wp-json\/wp\/v2\/posts\/71378\/revisions"}],"wp:featuredmedia":[{"embeddable":true,"href":"https:\/\/www.europesays.com\/pt\/wp-json\/wp\/v2\/media\/66401"}],"wp:attachment":[{"href":"https:\/\/www.europesays.com\/pt\/wp-json\/wp\/v2\/media?parent=71378"}],"wp:term":[{"taxonomy":"category","embeddable":true,"href":"https:\/\/www.europesays.com\/pt\/wp-json\/wp\/v2\/categories?post=71378"},{"taxonomy":"post_tag","embeddable":true,"href":"https:\/\/www.europesays.com\/pt\/wp-json\/wp\/v2\/tags?post=71378"}],"curies":[{"name":"wp","href":"https:\/\/api.w.org\/{rel}","templated":true}]}}