{"id":71383,"date":"2025-09-14T19:13:30","date_gmt":"2025-09-14T19:13:30","guid":{"rendered":"https:\/\/www.europesays.com\/pt\/71383\/"},"modified":"2025-09-14T19:13:30","modified_gmt":"2025-09-14T19:13:30","slug":"festa-e-festa-ultima-episodio-tvi-player","status":"publish","type":"post","link":"https:\/\/www.europesays.com\/pt\/71383\/","title":{"rendered":"Festa \u00e9 festa: \u00daltima epis\u00f3dio &#8211; TVI Player"},"content":{"rendered":"<ol>\n<li><a href=\"https:\/\/news.google.com\/rss\/articles\/CBMilAFBVV95cUxNVHNGMUg1TC1HOVRTeWtPaG5mWlFrbW1NaE1laFpWbGxsWmhJUjAzTVdEalVLV19tMnlEMlJxVm1fUHAxeG9jc0xSUlJ4dG83ZHNrY0U0am1CZ0tzZkN0RzJfTHd5SXcwS21RLUlHTGJsQW95aGN2X2VmeElzTkYtVVVxQ19rUlJrQ0d3SFFYWEJ2ZERD?oc=5\" target=\"_blank\" rel=\"nofollow noopener\">Festa \u00e9 festa: \u00daltima epis\u00f3dio<\/a>&nbsp;&nbsp;TVI Player<\/li>\n<li><a href=\"https:\/\/news.google.com\/rss\/articles\/CBMipAFBVV95cUxQR3BwQndzLVI0S3RkNms1X0xZOEltQ2VvS0txOWR3NW1DQ3NHdWJlWVFpaVNWMUQxM3k2Z0o0b2lBUEgtY2RhVW5RUXA5QkxWeGh0RkFBZ2htQXlESWhBaE1OaEZpbGluZEtKOU5MVzN4VkxKRUpFZnRESzhxZGhuNmNzME9PMkVGUWwyUThWb04zTllqanhpd3A3bjhIbndxei1qdQ?oc=5\" target=\"_blank\" rel=\"nofollow noopener\">Manuel Marques revela momento em que mais se divertiu no \u2018Festa \u00e9 Festa\u2019<\/a>&nbsp;&nbsp;A Televis\u00e3o<\/li>\n<li><a href=\"https:\/\/news.google.com\/rss\/articles\/CBMivAFBVV95cUxPcFliMjBmRkdxYUJTWnhwSTZKWmlPTkRWZXFEanRCdHlFSkVPeUNmNzd6YVJwTlVPZ1pTYjhsSlBZTXRfeko4TUtSeXN6RFlJbDcwTHYwaWVsWGF3bzJDM2JrZFlja3ZabUdPWlN4SWZjQ1NteTNxbnd3cENxNnJCN1loWEpVYjljVVY2eEl2Q1ZlQno2S3oxVGU5UUhOTmpMRHo0NTdjZWxzQ0h1NlRQamxCQ2h1NjR5Sm83NA?oc=5\" target=\"_blank\" rel=\"nofollow noopener\">Cristina Ferreira Despede-se de projeto em l\u00e1grimas: \u201cObrigada a todos, de cora\u00e7\u00e3o\u201d<\/a>&nbsp;&nbsp;Portal Impala<\/li>\n<li><a href=\"https:\/\/news.google.com\/rss\/articles\/CBMiqgFBVV95cUxPbEJ0ZzdtWklUZlhZb1hDTjBCdVZMSVlLRFlhNHN2Wm9hejhXZTFEUjFzLUIySnNJbXY4VkVNRVRXeDByc3drcU12V3duWmlnTm9ramdsSm1ncXJORTBja3hObjVfT01lbHdFWGVZRlRiX1psMEk5R0FVdWFxSF9JSnRpQU4xeWZDNEFmMER5TDAzdDRVOUdabnFLY1hBek8wYmJjaDlqZ2wxQQ?oc=5\" target=\"_blank\" rel=\"nofollow noopener\">Cristina Ferreira safou-se a \u00abbronca\u00bb no Festa \u00e9 Festa Cruzeiro! S\u00f3 agora foi revelado&#8230;<\/a>&nbsp;&nbsp;Dioguinho<\/li>\n<li><a href=\"https:\/\/news.google.com\/rss\/articles\/CBMitgFBVV95cUxNTG9fYmxtRzZWVVBmSl9aTnktQ3Z5ajRfODIzbFRsMjE2UXlZbnFCLWJLVU10Rk1Wdy16OTdsVDdYMnROMzloZDdQVVE2MWR3U0pINHF1UFFweTlnNnk2a3JZQkpEbFIzelBWY3cwUmgwTW9IS1dHNThISGN4UC1idzdGNDBMWGdpWXFlQVk3WGxFRDdFaDFvWkhJZXBEa0Y4TkZjdnliMmFacHBJSGlhbkpNMGVNQQ?oc=5\" target=\"_blank\" rel=\"nofollow noopener\">Cristina Ferreira desfaz-se em l\u00e1grimas em direto: \u201cEnquanto diretora\u2026\u201d<\/a>&nbsp;&nbsp;SAPO<\/li>\n<\/ol>\n","protected":false},"excerpt":{"rendered":"Festa \u00e9 festa: \u00daltima epis\u00f3dio&nbsp;&nbsp;TVI Player Manuel Marques revela momento em que mais se divertiu no \u2018Festa \u00e9&hellip;\n","protected":false},"author":2,"featured_media":71384,"comment_status":"","ping_status":"","sticky":false,"template":"","format":"standard","meta":{"footnotes":""},"categories":[142],"tags":[114,115,157,32,33,151,162],"class_list":{"0":"post-71383","1":"post","2":"type-post","3":"status-publish","4":"format-standard","5":"has-post-thumbnail","7":"category-tv","8":"tag-entertainment","9":"tag-entretenimento","10":"tag-festa-e-festa","11":"tag-portugal","12":"tag-pt","13":"tag-tv","14":"tag-tvi"},"share_on_mastodon":{"url":"","error":""},"_links":{"self":[{"href":"https:\/\/www.europesays.com\/pt\/wp-json\/wp\/v2\/posts\/71383","targetHints":{"allow":["GET"]}}],"collection":[{"href":"https:\/\/www.europesays.com\/pt\/wp-json\/wp\/v2\/posts"}],"about":[{"href":"https:\/\/www.europesays.com\/pt\/wp-json\/wp\/v2\/types\/post"}],"author":[{"embeddable":true,"href":"https:\/\/www.europesays.com\/pt\/wp-json\/wp\/v2\/users\/2"}],"replies":[{"embeddable":true,"href":"https:\/\/www.europesays.com\/pt\/wp-json\/wp\/v2\/comments?post=71383"}],"version-history":[{"count":0,"href":"https:\/\/www.europesays.com\/pt\/wp-json\/wp\/v2\/posts\/71383\/revisions"}],"wp:featuredmedia":[{"embeddable":true,"href":"https:\/\/www.europesays.com\/pt\/wp-json\/wp\/v2\/media\/71384"}],"wp:attachment":[{"href":"https:\/\/www.europesays.com\/pt\/wp-json\/wp\/v2\/media?parent=71383"}],"wp:term":[{"taxonomy":"category","embeddable":true,"href":"https:\/\/www.europesays.com\/pt\/wp-json\/wp\/v2\/categories?post=71383"},{"taxonomy":"post_tag","embeddable":true,"href":"https:\/\/www.europesays.com\/pt\/wp-json\/wp\/v2\/tags?post=71383"}],"curies":[{"name":"wp","href":"https:\/\/api.w.org\/{rel}","templated":true}]}}