{"id":71395,"date":"2025-09-14T19:24:05","date_gmt":"2025-09-14T19:24:05","guid":{"rendered":"https:\/\/www.europesays.com\/pt\/71395\/"},"modified":"2025-09-14T19:24:05","modified_gmt":"2025-09-14T19:24:05","slug":"merreca-veja-quanto-rodrigo-faro-ganha-para-participar-da-danca-dos-famosos-2025","status":"publish","type":"post","link":"https:\/\/www.europesays.com\/pt\/71395\/","title":{"rendered":"Merreca? Veja quanto Rodrigo Faro ganha para participar da Dan\u00e7a dos Famosos 2025"},"content":{"rendered":"<p><strong>A Dan\u00e7a dos Famosos 2025 n\u00e3o movimenta apenas a audi\u00eancia do Doming\u00e3o com Huck, mas tamb\u00e9m os bastidores da Globo.<\/strong> Segundo fontes de mercado, o cach\u00ea dos artistas dobrou nesta temporada. <strong>Antes fixado em R$ 50 mil, pagos em cinco meses, o valor subiu para R$ 100 mil, tamb\u00e9m dilu\u00eddos no mesmo per\u00edodo.<\/strong><\/p>\n<p>O reajuste mostra a for\u00e7a do quadro dentro da programa\u00e7\u00e3o dominical, consolidado como uma das principais atra\u00e7\u00f5es de entretenimento da emissora e respons\u00e1vel por gerar repercuss\u00e3o constante nas redes sociais. <strong>A disputa segue at\u00e9 14 de dezembro, quando acontece a grande final, transmitida ao vivo.<\/strong><\/p>\n<p><strong>O time de participantes deste ano re\u00fane nomes de diferentes \u00e1reas:<\/strong> Allan Souza Lima, \u00c1lvaro, C\u00e1tia Fonseca, David Junior, Duda Santos, Fernanda Paes Leme, Gracyanne Barbosa, Lucas Leto, Luan Pereira, Manu Bahtid\u00e3o, Nicole Bahls, <strong>Rodrigo Faro<\/strong>, Richarlyson, Silvero Pereira, Tereza Seiblitz e Wanessa Camargo.<\/p>\n<p><img decoding=\"async\" loading=\"lazy\" fetchpriority=\"high\" width=\"1024\" height=\"724\" src=\"https:\/\/www.europesays.com\/pt\/wp-content\/uploads\/2025\/09\/FOCO-NA-TV-COM-ANDRE-ROMANO-3629-1024x724.jpeg\" alt=\"\" class=\"wp-image-1480045\"\/>Participantes da Dan\u00e7a dos Famosos 2025<\/p>\n<p><strong>Dan\u00e7a dos Famosos\u00a0\u00e9 um quadro dirigido por Henrique Matias. <\/strong>O\u00a0Doming\u00e3o com Huck\u00a0tem apresenta\u00e7\u00e3o de\u00a0Luciano Huck, dire\u00e7\u00e3o geral de Clarissa Lopes, dire\u00e7\u00e3o art\u00edstica de H\u00e9lio Vargas, produ\u00e7\u00e3o de Barbara Maia e Matheus Pereira e dire\u00e7\u00e3o de g\u00eanero de Monica Almeida.<\/p>\n<p>Voc\u00ea est\u00e1 lendo um conte\u00fado originalmente publicado no <strong>Observat\u00f3rio da TV<\/strong>. Confira mais em: <a href=\"https:\/\/observatoriodatv.com.br\" rel=\"nofollow noopener\" target=\"_blank\">https:\/\/observatoriodatv.com.br<\/a><\/p>\n","protected":false},"excerpt":{"rendered":"A Dan\u00e7a dos Famosos 2025 n\u00e3o movimenta apenas a audi\u00eancia do Doming\u00e3o com Huck, mas tamb\u00e9m os bastidores&hellip;\n","protected":false},"author":2,"featured_media":71396,"comment_status":"","ping_status":"","sticky":false,"template":"","format":"standard","meta":{"footnotes":""},"categories":[145],"tags":[211,210,114,115,32,33],"class_list":{"0":"post-71395","1":"post","2":"type-post","3":"status-publish","4":"format-standard","5":"has-post-thumbnail","7":"category-celebridades","8":"tag-celebridades","9":"tag-celebrities","10":"tag-entertainment","11":"tag-entretenimento","12":"tag-portugal","13":"tag-pt"},"share_on_mastodon":{"url":"","error":""},"_links":{"self":[{"href":"https:\/\/www.europesays.com\/pt\/wp-json\/wp\/v2\/posts\/71395","targetHints":{"allow":["GET"]}}],"collection":[{"href":"https:\/\/www.europesays.com\/pt\/wp-json\/wp\/v2\/posts"}],"about":[{"href":"https:\/\/www.europesays.com\/pt\/wp-json\/wp\/v2\/types\/post"}],"author":[{"embeddable":true,"href":"https:\/\/www.europesays.com\/pt\/wp-json\/wp\/v2\/users\/2"}],"replies":[{"embeddable":true,"href":"https:\/\/www.europesays.com\/pt\/wp-json\/wp\/v2\/comments?post=71395"}],"version-history":[{"count":0,"href":"https:\/\/www.europesays.com\/pt\/wp-json\/wp\/v2\/posts\/71395\/revisions"}],"wp:featuredmedia":[{"embeddable":true,"href":"https:\/\/www.europesays.com\/pt\/wp-json\/wp\/v2\/media\/71396"}],"wp:attachment":[{"href":"https:\/\/www.europesays.com\/pt\/wp-json\/wp\/v2\/media?parent=71395"}],"wp:term":[{"taxonomy":"category","embeddable":true,"href":"https:\/\/www.europesays.com\/pt\/wp-json\/wp\/v2\/categories?post=71395"},{"taxonomy":"post_tag","embeddable":true,"href":"https:\/\/www.europesays.com\/pt\/wp-json\/wp\/v2\/tags?post=71395"}],"curies":[{"name":"wp","href":"https:\/\/api.w.org\/{rel}","templated":true}]}}