{"id":71397,"date":"2025-09-14T19:27:10","date_gmt":"2025-09-14T19:27:10","guid":{"rendered":"https:\/\/www.europesays.com\/pt\/71397\/"},"modified":"2025-09-14T19:27:10","modified_gmt":"2025-09-14T19:27:10","slug":"exclusivo-a-protegida-duarte-droga-goncalo-e-filma-o-com-gina-novelas","status":"publish","type":"post","link":"https:\/\/www.europesays.com\/pt\/71397\/","title":{"rendered":"Exclusivo \u00abA Protegida\u00bb: Duarte droga Gon\u00e7alo e filma-o com Gina &#8211; Novelas"},"content":{"rendered":"<p>Em \u00abA Protegida\u00bb, <a href=\"https:\/\/tvi.iol.pt\/novelas\/joao-bettencourt\/catarina-nifo\/vem-ai-a-protegida-goncalo-fica-paralisado-no-chao\" rel=\"nofollow noopener\" target=\"_blank\">Gon\u00e7alo (Jo\u00e3o Bettencourt)<\/a>\u00a0e Duarte (Gon\u00e7alo Braga) v\u00e3o beber um copo ao bar onde <a href=\"https:\/\/tvi.iol.pt\/novelas\/search?pagina=1&amp;pesquisa=joaquim+horta\" rel=\"nofollow noopener\" target=\"_blank\">\u00d3scar (Joaquim Horta)<\/a> e <a href=\"https:\/\/tvi.iol.pt\/novelas\/ator\/jose-diogo\/67ac875bd34ef72ee4422589\" wbo-id=\"52\" rel=\"nofollow noopener\" target=\"_blank\">Jos\u00e9 Diogo (Pedro Sousa)<\/a>\u00a0est\u00e3o a trabalhar. JD contou a \u00d3scar o que Duarte fez, porque se preocupam com Gon\u00e7alo. Este sente-se culpado pelo que fez a Duarte e quer confiar nele e ajud\u00e1-lo.<\/p>\n<p>Duarte coloca MD na bebida de Gon\u00e7alo, sem que ele veja. Hacker observa e filma \u00d3scar e todas as suas movimenta\u00e7\u00f5es. Gon\u00e7alo estranha ver <a href=\"https:\/\/tvi.iol.pt\/novelas\/videos\/a-protegida-gina-deixa-nuno-frustrado-com-revelacao-inesperada\/6839c1f90cf28cf887680b32\" rel=\"nofollow noopener\" target=\"_blank\">Gina (Paula Neves)<\/a>\u00a0ali. Ela acaba por contar que <a href=\"https:\/\/tvi.iol.pt\/novelas\/ator\/nuno-sombra\/67ac8a61d34ef72ee44225a8\" rel=\"nofollow noopener\" target=\"_blank\">Nuno (Tiago Teot\u00f3nio Pereira)<\/a>\u00a0a traiu e que precisava de espairecer. Gon\u00e7alo n\u00e3o estava \u00e0 espera daquilo e est\u00e1 muito euf\u00f3rico por causa da droga. Gina estranha o comportamento dele. Gon\u00e7alo pede shots para ele e Gina. Duarte filma Gon\u00e7alo com o intuito de o expor nas redes sociais. Gina, Gon\u00e7alo e Duarte bebem shots. JD vai observando o irm\u00e3o e estranha o comportamento dele. Gon\u00e7alo pega em Gina e lava-a para outra zona. JD pergunta a Duarte se Gon\u00e7alo est\u00e1 bem e ele diz que est\u00e1 s\u00f3 a afogar as m\u00e1goas.<\/p>\n<p><a href=\"https:\/\/tvi.iol.pt\/novelas\/ator\/monica-azevedo\/67ac8918d34ef72ee4422597\" rel=\"nofollow noopener\" target=\"_blank\">M\u00f3nica (Catarina Nifo)<\/a> acorda Gon\u00e7alo e lembra-o que t\u00eam um voo para apanhar. Gon\u00e7alo tenta recompor-se e lembrar-se do que aconteceu. Gon\u00e7alo constata que bebeu demais e pega na toalha para tomar banho.<\/p>\n<p><b>FLASHBACK IN\u00c9DITO:<\/b>\u00a0Gon\u00e7alo e Gina brindam e bebem. Dan\u00e7am e riem-se, c\u00famplices.<\/p>\n<p>\u00a0<\/p>\n<p>Leandro chama a m\u00e3e para se despachar. Gina aparece despenteada e reclama por ele estar a gritar. Leandro estranha ver a m\u00e3e assim e pergunta-lhe onde foi ontem \u00e0 noite. Gina relembra-se de alguns momentos e diz que foi sair com umas amigas. Leandro apressa a m\u00e3e e ela diz que vai s\u00f3 tomar banho.<\/p>\n<p><b>FLASHBACK IN\u00c9DITO:<\/b>\u00a0Gon\u00e7alo e Gina dan\u00e7am, completamente b\u00eabados e sem no\u00e7\u00e3o do que os rodeia. Bebem mais e dan\u00e7am. Gina descansa um pouco, mas Gon\u00e7alo vai busc\u00e1-la para dan\u00e7arem mais.<\/p>\n<p>Gina pergunta a Gon\u00e7alo se disse alguma coisa a Nuno, sobre o que ela lhe contou, mas Gon\u00e7alo diz que n\u00e3o. Gina pede-lhe para n\u00e3o dizer nada. Tentam lembrar-se da noite de ontem, mas est\u00e1 tudo muito vago e s\u00f3 se lembram de beber muito e de se divertirem, mas sentem que h\u00e1 algo de estranho.<\/p>\n<p>Duarte quer vingan\u00e7a:<\/p>\n","protected":false},"excerpt":{"rendered":"Em \u00abA Protegida\u00bb, Gon\u00e7alo (Jo\u00e3o Bettencourt)\u00a0e Duarte (Gon\u00e7alo Braga) v\u00e3o beber um copo ao bar onde \u00d3scar (Joaquim&hellip;\n","protected":false},"author":2,"featured_media":71398,"comment_status":"","ping_status":"","sticky":false,"template":"","format":"standard","meta":{"footnotes":""},"categories":[142],"tags":[168,160,166,8239,114,115,157,167,3120,7991,18999,1407,164,161,158,3119,165,159,32,33,156,163,151,162],"class_list":{"0":"post-71397","1":"post","2":"type-post","3":"status-publish","4":"format-standard","5":"has-post-thumbnail","7":"category-tv","8":"tag-a-protegida","9":"tag-ana-guiomar","10":"tag-cristina-ferreira","11":"tag-duarte","12":"tag-entertainment","13":"tag-entretenimento","14":"tag-festa-e-festa","15":"tag-ficcao","16":"tag-gina","17":"tag-goncalo","18":"tag-goncalo-braga","19":"tag-joao-bettencourt","20":"tag-jose-fidalgo","21":"tag-novelas","22":"tag-para-sempre","23":"tag-paula-neves","24":"tag-pedro-sousa","25":"tag-pedro-teixeira","26":"tag-portugal","27":"tag-pt","28":"tag-queridos-papas","29":"tag-tiago-teotonio-pereira","30":"tag-tv","31":"tag-tvi"},"share_on_mastodon":{"url":"","error":""},"_links":{"self":[{"href":"https:\/\/www.europesays.com\/pt\/wp-json\/wp\/v2\/posts\/71397","targetHints":{"allow":["GET"]}}],"collection":[{"href":"https:\/\/www.europesays.com\/pt\/wp-json\/wp\/v2\/posts"}],"about":[{"href":"https:\/\/www.europesays.com\/pt\/wp-json\/wp\/v2\/types\/post"}],"author":[{"embeddable":true,"href":"https:\/\/www.europesays.com\/pt\/wp-json\/wp\/v2\/users\/2"}],"replies":[{"embeddable":true,"href":"https:\/\/www.europesays.com\/pt\/wp-json\/wp\/v2\/comments?post=71397"}],"version-history":[{"count":0,"href":"https:\/\/www.europesays.com\/pt\/wp-json\/wp\/v2\/posts\/71397\/revisions"}],"wp:featuredmedia":[{"embeddable":true,"href":"https:\/\/www.europesays.com\/pt\/wp-json\/wp\/v2\/media\/71398"}],"wp:attachment":[{"href":"https:\/\/www.europesays.com\/pt\/wp-json\/wp\/v2\/media?parent=71397"}],"wp:term":[{"taxonomy":"category","embeddable":true,"href":"https:\/\/www.europesays.com\/pt\/wp-json\/wp\/v2\/categories?post=71397"},{"taxonomy":"post_tag","embeddable":true,"href":"https:\/\/www.europesays.com\/pt\/wp-json\/wp\/v2\/tags?post=71397"}],"curies":[{"name":"wp","href":"https:\/\/api.w.org\/{rel}","templated":true}]}}