{"id":71558,"date":"2025-09-14T21:47:11","date_gmt":"2025-09-14T21:47:11","guid":{"rendered":"https:\/\/www.europesays.com\/pt\/71558\/"},"modified":"2025-09-14T21:47:11","modified_gmt":"2025-09-14T21:47:11","slug":"suspeito-de-matar-charlie-kirk-nao-coopera-com-autoridades","status":"publish","type":"post","link":"https:\/\/www.europesays.com\/pt\/71558\/","title":{"rendered":"Suspeito de Matar Charlie Kirk N\u00e3o Coopera com Autoridades"},"content":{"rendered":"<p>O homem detido pelo homic\u00eddio do ativista conservador Charlie Kirk n\u00e3o est\u00e1 a cooperar com as autoridades, de acordo com informa\u00e7\u00f5es avan\u00e7adas pela ag\u00eancia de not\u00edcias Reuters, que cita o governador do Utah, Spencer Cox. <\/p>\n<p>Este domingo, 14 de setembro, Cox afirmou que, apesar da falta de coopera\u00e7\u00e3o do suspeito, os investigadores est\u00e3o a trabalhar para estabelecer um motivo para o crime, interrogando amigos e familiares.<\/p>\n<p><strong>A Reuters informa ainda que o alegado atirador, Tyler Robinson, de 22 anos, dever\u00e1 ser formalmente acusado na pr\u00f3xima ter\u00e7a-feira e permanece sob cust\u00f3dia no Utah.<\/strong><\/p>\n<p>Kirk, um proeminente aliado do ex-presidente Donald Trump e cofundador do grupo estudantil conservador Turning Point USA, foi morto com um \u00fanico tiro de espingarda na passada quarta-feira, 10 de setembro. O ataque ocorreu durante um evento ao ar livre na Universidade de Utah Valley, que contava com a presen\u00e7a de 3000 pessoas. Robinson ter\u00e1 disparado a longa dist\u00e2ncia a partir do topo de um edif\u00edcio.<\/p>\n<p>O homic\u00eddio gerou novos receios de um aumento da viol\u00eancia pol\u00edtica nos Estados Unidos e de um aprofundamento da divis\u00e3o entre a esquerda e a direita.<\/p>\n<p>Segundo o governador Cox, em declara\u00e7\u00f5es ao programa This Week da ABC, Robinson n\u00e3o confessou o crime. &#8220;Ele n\u00e3o est\u00e1 a cooperar, mas todas as pessoas \u00e0 sua volta est\u00e3o a cooperar, e penso que isso \u00e9 muito importante&#8221;, disse o governador republicano. <\/p>\n<p><strong>Uma das pessoas que est\u00e1 a colaborar com os investigadores \u00e9 o colega de quarto de Robinson, descrito por Cox como &#8220;um homem em transi\u00e7\u00e3o para mulher&#8221;.<\/strong> A Reuters escreve que n\u00e3o conseguiu localizar o colega de quarto para obter um coment\u00e1rio.<\/p>\n<p>O artigo da Reuters detalha ainda que os investigadores encontraram mensagens gravadas em quatro inv\u00f3lucros de balas, incluindo refer\u00eancias a memes e piadas de videojogos. Uma das inscri\u00e7\u00f5es, de acordo com um depoimento das autoridades, dizia: &#8220;Ei fascista! APANHA!&#8221;<\/p>\n","protected":false},"excerpt":{"rendered":"O homem detido pelo homic\u00eddio do ativista conservador Charlie Kirk n\u00e3o est\u00e1 a cooperar com as autoridades, de&hellip;\n","protected":false},"author":2,"featured_media":71559,"comment_status":"","ping_status":"","sticky":false,"template":"","format":"standard","meta":{"footnotes":""},"categories":[50],"tags":[27,28,18223,92,413,15,16,14,25,26,21,22,62,12,13,19,20,23,24,17,18,29,30,31,63,64,65],"class_list":{"0":"post-71558","1":"post","2":"type-post","3":"status-publish","4":"format-standard","5":"has-post-thumbnail","7":"category-mundo","8":"tag-breaking-news","9":"tag-breakingnews","10":"tag-charlie-kirk","11":"tag-donald-trump","12":"tag-eua","13":"tag-featured-news","14":"tag-featurednews","15":"tag-headlines","16":"tag-latest-news","17":"tag-latestnews","18":"tag-main-news","19":"tag-mainnews","20":"tag-mundo","21":"tag-news","22":"tag-noticias","23":"tag-noticias-principais","24":"tag-noticiasprincipais","25":"tag-principais-noticias","26":"tag-principaisnoticias","27":"tag-top-stories","28":"tag-topstories","29":"tag-ultimas","30":"tag-ultimas-noticias","31":"tag-ultimasnoticias","32":"tag-world","33":"tag-world-news","34":"tag-worldnews"},"share_on_mastodon":{"url":"","error":""},"_links":{"self":[{"href":"https:\/\/www.europesays.com\/pt\/wp-json\/wp\/v2\/posts\/71558","targetHints":{"allow":["GET"]}}],"collection":[{"href":"https:\/\/www.europesays.com\/pt\/wp-json\/wp\/v2\/posts"}],"about":[{"href":"https:\/\/www.europesays.com\/pt\/wp-json\/wp\/v2\/types\/post"}],"author":[{"embeddable":true,"href":"https:\/\/www.europesays.com\/pt\/wp-json\/wp\/v2\/users\/2"}],"replies":[{"embeddable":true,"href":"https:\/\/www.europesays.com\/pt\/wp-json\/wp\/v2\/comments?post=71558"}],"version-history":[{"count":0,"href":"https:\/\/www.europesays.com\/pt\/wp-json\/wp\/v2\/posts\/71558\/revisions"}],"wp:featuredmedia":[{"embeddable":true,"href":"https:\/\/www.europesays.com\/pt\/wp-json\/wp\/v2\/media\/71559"}],"wp:attachment":[{"href":"https:\/\/www.europesays.com\/pt\/wp-json\/wp\/v2\/media?parent=71558"}],"wp:term":[{"taxonomy":"category","embeddable":true,"href":"https:\/\/www.europesays.com\/pt\/wp-json\/wp\/v2\/categories?post=71558"},{"taxonomy":"post_tag","embeddable":true,"href":"https:\/\/www.europesays.com\/pt\/wp-json\/wp\/v2\/tags?post=71558"}],"curies":[{"name":"wp","href":"https:\/\/api.w.org\/{rel}","templated":true}]}}