{"id":71581,"date":"2025-09-14T22:08:23","date_gmt":"2025-09-14T22:08:23","guid":{"rendered":"https:\/\/www.europesays.com\/pt\/71581\/"},"modified":"2025-09-14T22:08:23","modified_gmt":"2025-09-14T22:08:23","slug":"segunda-na-tv-a-infidelidade-de-bergman-situacoes-delicadas-e-doraemon-tv","status":"publish","type":"post","link":"https:\/\/www.europesays.com\/pt\/71581\/","title":{"rendered":"Segunda na TV: A infidelidade de Bergman, Situa\u00e7\u00f5es Delicadas e Doraemon | TV"},"content":{"rendered":"<p>CINEMA<\/p>\n<p dir=\"ltr\" id=\"docs-internal-guid-7ed65e1b-7fff-76ea-69cc-fd8edf72fc0b\"><strong>O Caso Thomas Crown<br \/>TVCine Action, 21h15<\/strong><\/p>\n<p dir=\"ltr\">Thomas Crown (Pierce Brosnan) \u00e9 um multimilion\u00e1rio de sucesso. As mulheres n\u00e3o resistem ao seu charme e o dinheiro d\u00e1-lhe tudo o que precisa com a maior das facilidades. Ou quase tudo: Thomas Crown precisa de emo\u00e7\u00f5es fortes. Em busca da adrenalina que anseia, decide roubar um quadro de Monet, exposto no Museu Metropolitano de Arte de Nova Iorque. O golpe \u00e9 executado com mestria. O problema \u00e9 que Catherine Banning (Rene Russo), a detective da companhia de seguros destacada para o caso, desconfia do magnata e decide seguir-lhe o rasto. Assinado por John McTiernan em 1999, este O Caso de Thomas Crown \u00e9 um remake do filme de Norman Jewison que em 1968 teve como dupla Steve McQueen e Faye Dunaway \u2013 que tem aqui um pequeno papel como psiquiatra de Crown. E \u00e9 um inteligente jogo do gato e do rato entre dois jogadores que gostam pouco de ser tomados por parvos. O elenco inclui ainda Denis Leary, Ben Gazzara, Frankie Faison e Mark Margolis.<\/p>\n<p><strong>A Chiara<br \/>RTP2, 23h40<\/strong><\/p>\n<p dir=\"ltr\">Claudio e Carmela Guerrasio re\u00fanem-se com amigos numa grande festa para celebrar o 18.\u00ba anivers\u00e1rio de Giulia, a filha mais velha. No dia seguinte, ele desaparece. Apesar das palavras tranquilizadoras de Carmela, a filha Chiara, de 15 anos, decide investigar as verdadeiras causas do desaparecimento do pai. \u00c9 assim que descobre que a fam\u00edlia tem uma s\u00e9rie de neg\u00f3cios com a m\u00e1fia. Estreado no Festival de Cinema de Cannes, um filme dram\u00e1tico realizado e escrito por Jonas Carpignano, autor de Mediterre\u00e2nea (2015) e A Ciambra (2017), cuja ac\u00e7\u00e3o tamb\u00e9m decorre na regi\u00e3o da Cal\u00e1bria, It\u00e1lia. A assumir as personagens est\u00e3o Swamy, Claudio, Gr\u00e9cia, Giorgia, Carmelo, Vincenzo e Salvatore Rotolo (todos da mesma fam\u00edlia), bem como Silvana Palumbo e Carmela Fumo, entre outros. <\/p>\n<p dir=\"ltr\"><strong>Pobres Criaturas<br \/>RTP2, 22h55<\/strong><\/p>\n<p dir=\"ltr\">Uma com\u00e9dia negra de Yorgos Lanthimos baseada num livro do escoc\u00eas Alasdair Grey (1934- 2019). \u00c9 a hist\u00f3ria de Bella Baxter, uma esp\u00e9cie de vers\u00e3o feminina do monstro de Frankenstein, ganhou o Le\u00e3o de Ouro em Veneza e quatro \u00d3scares, incluindo o de melhor actriz (Emma Stone).<\/p>\n<p>S\u00c9RIES<\/p>\n<p dir=\"ltr\"><strong>Infiel<br \/>TVCine Edition, 22h10<\/strong><\/p>\n<p dir=\"ltr\">Estreia. Para esta miniss\u00e9rie de seis epis\u00f3dios, Tomas Alfredson, realizador sueco respons\u00e1vel por filmes como Deixa-me Entrar e A Toupeira, pegou num gui\u00e3o de Ingmar Bergman que demorou muito tempo a ser completado e nunca foi filmado pelo pr\u00f3prio, tendo apenas ganhado vida no ano 2000, num filme realizado por Liv Ullman, colaboradora e ex-parceira de Bergman. Foi agora readaptado pela argumentista Sara Johnsen. A hist\u00f3ria altamente autobiogr\u00e1fica, que Alfredson chegou a discutir adaptar com o seu pr\u00f3prio autor, h\u00e1 mais de 20 anos, passa-se entre o final dos anos 1970, com um realizador a atravessar um div\u00f3rcio a ter um caso com a mulher do melhor amigo, e os dias de hoje, com os dois, mais velhos, a falarem sobre o efeito que isso teve nas vidas dos dois.<\/p>\n<p dir=\"ltr\"><strong>Situa\u00e7\u00f5es Delicadas<br \/>RTP Play, streaming<\/strong><\/p>\n<p dir=\"ltr\">Estreia. Criada e realizada por Diogo Lopes, esta s\u00e9rie original da RTP Play \u00e9 protagonizada por Laura Dutra, Madalena Almeida e Catarina Rebelo. S\u00e3o tr\u00eas amigas que, para evitarem serem presas quando uma noite culmina em trag\u00e9dia, entram numa espiral de mentiras e crimes cada vez mais intrincados e dif\u00edceis de escamotear, que incluem raptos e tentativas de homic\u00eddio. O elenco inclui tamb\u00e9m Teresa Tavares, Andr\u00e9 Nunes, In\u00eas S\u00e1 Frias, Artur Costa e Tiago Costa.<\/p>\n<p>PR\u00c9MIOS<\/p>\n<p dir=\"ltr\"><strong>E! Live From the Red Carpet: The 2025 Emmy Awards<br \/>E!, 20h<\/strong><\/p>\n<p dir=\"ltr\">Directo. Os Emmy n\u00e3o t\u00eam transmiss\u00e3o em Portugal, mas o E! passa, como sempre neste tipo de cerim\u00f3nias, a passadeira vermelha em antecipa\u00e7\u00e3o da cerim\u00f3nia. A apresenta\u00e7\u00e3o est\u00e1 a cargo de Zuri Hall, Heather McMahan e Zanna Roberts Rassi, que v\u00e3o fazer perguntas \u00e0s celebridades e aos nomeados da noite enquanto se dirigem para o evento.<\/p>\n<p>INFANTIL<\/p>\n<p dir=\"ltr\"><strong>Bom Dia com Doraemon<br \/>Panda Kids, 7h30<\/strong><\/p>\n<p dir=\"ltr\">Estreia. Num hor\u00e1rio para apanhar mi\u00fados antes da escola com epis\u00f3dios breves, de apenas 11 minutos, esta s\u00e9rie animada foca-se em Doraemon, o gato rob\u00f3tico que veio do futuro.<\/p>\n","protected":false},"excerpt":{"rendered":"CINEMA O Caso Thomas CrownTVCine Action, 21h15 Thomas Crown (Pierce Brosnan) \u00e9 um multimilion\u00e1rio de sucesso. As mulheres&hellip;\n","protected":false},"author":2,"featured_media":71582,"comment_status":"","ping_status":"","sticky":false,"template":"","format":"standard","meta":{"footnotes":""},"categories":[142],"tags":[315,1413,114,115,294,32,33,291,940,218,151],"class_list":{"0":"post-71581","1":"post","2":"type-post","3":"status-publish","4":"format-standard","5":"has-post-thumbnail","7":"category-tv","8":"tag-cultura","9":"tag-cultura-ipsilon","10":"tag-entertainment","11":"tag-entretenimento","12":"tag-lazer","13":"tag-portugal","14":"tag-pt","15":"tag-relaxar","16":"tag-streaming","17":"tag-televisao","18":"tag-tv"},"share_on_mastodon":{"url":"","error":""},"_links":{"self":[{"href":"https:\/\/www.europesays.com\/pt\/wp-json\/wp\/v2\/posts\/71581","targetHints":{"allow":["GET"]}}],"collection":[{"href":"https:\/\/www.europesays.com\/pt\/wp-json\/wp\/v2\/posts"}],"about":[{"href":"https:\/\/www.europesays.com\/pt\/wp-json\/wp\/v2\/types\/post"}],"author":[{"embeddable":true,"href":"https:\/\/www.europesays.com\/pt\/wp-json\/wp\/v2\/users\/2"}],"replies":[{"embeddable":true,"href":"https:\/\/www.europesays.com\/pt\/wp-json\/wp\/v2\/comments?post=71581"}],"version-history":[{"count":0,"href":"https:\/\/www.europesays.com\/pt\/wp-json\/wp\/v2\/posts\/71581\/revisions"}],"wp:featuredmedia":[{"embeddable":true,"href":"https:\/\/www.europesays.com\/pt\/wp-json\/wp\/v2\/media\/71582"}],"wp:attachment":[{"href":"https:\/\/www.europesays.com\/pt\/wp-json\/wp\/v2\/media?parent=71581"}],"wp:term":[{"taxonomy":"category","embeddable":true,"href":"https:\/\/www.europesays.com\/pt\/wp-json\/wp\/v2\/categories?post=71581"},{"taxonomy":"post_tag","embeddable":true,"href":"https:\/\/www.europesays.com\/pt\/wp-json\/wp\/v2\/tags?post=71581"}],"curies":[{"name":"wp","href":"https:\/\/api.w.org\/{rel}","templated":true}]}}