{"id":71615,"date":"2025-09-14T22:39:09","date_gmt":"2025-09-14T22:39:09","guid":{"rendered":"https:\/\/www.europesays.com\/pt\/71615\/"},"modified":"2025-09-14T22:39:09","modified_gmt":"2025-09-14T22:39:09","slug":"miguel-oliveira-com-varias-hipoteses-para-o-futuro-tenho-de-perceber-bem-o-que-quero-o-jogo","status":"publish","type":"post","link":"https:\/\/www.europesays.com\/pt\/71615\/","title":{"rendered":"Miguel Oliveira com &quot;v\u00e1rias hip\u00f3teses&quot; para o futuro: &quot;Tenho de perceber bem o que quero&quot; &#8211; O Jogo"},"content":{"rendered":"<ol>\n<li><a href=\"https:\/\/news.google.com\/rss\/articles\/CBMiuAFBVV95cUxNV1JncVNWQlBYZWxTVUJvd1pzeUJqcElRcmE2Yno4bkFPV1V2NXpjM3pzTlVBd0gyU2dkTVVwRURVNnZ2Z3VDVVlQbjZXcmFLcWFSRnlwN0dyel9mUVp4Zm1xYUZxelYtX0pMTmNpWV81QVFNajVKX2daVXk4d204cVUxS3NHUWg4ZWRBbUVuNFM1RzlPeXZmbVJQUGF4eV8ybW9NdmhvYWJXRi1ZQ2lveGZNdzN5b0hx?oc=5\" target=\"_blank\" rel=\"nofollow noopener\">Miguel Oliveira com &#8220;v\u00e1rias hip\u00f3teses&#8221; para o futuro: &#8220;Tenho de perceber bem o que quero&#8221;<\/a>&nbsp;&nbsp;O Jogo<\/li>\n<li><a href=\"https:\/\/news.google.com\/rss\/articles\/CBMi5gFBVV95cUxOdTlUN3FPQ2tEa2lOc2VIT3V4QzhYLUIyamdtbGdWZHdDQVdXMnRwWnhEU0dUNUlvYXBDQzNTMmNmdGhKLXJLWnJYdTBFTFl6RElQaWZiQUlicC1Qb1RINVhhR19UY0ZEWERJT0lyTEZwNDN2ekRST3JLaDFvTjJfSlR6ZE5wTG9nd2l5d2h1QUMtRDZ0bjhUdll3QTJhMDVjeVUtM2doWllQUzBlMlozV0JMbnE2WWtMMzBKbTBNRmsxbTRjVFRXeng2UjM3RmJBZDdxdmhFR3hGRG54bXRSQkNNcEUyZw?oc=5\" target=\"_blank\" rel=\"nofollow noopener\">MotoGP: Oliveira deve ser o substituto de Toprak no WSBK<\/a>&nbsp;&nbsp;Motorsport.com &#8211; F\u00f3rmula 1, NASCAR, MotoGP, F\u00f3rmula Indy<\/li>\n<li><a href=\"https:\/\/news.google.com\/rss\/articles\/CBMivwFBVV95cUxPZnFFSno3UG80OEZsT09HNDM1QlJ6eHpPYkNHNmhEblNmWjRPZVI4U1ZaRVJwSlJFRDZiX0xHTm1QRlZseVJJNFlMb1BBZ0FfbWpaNC1QUXBKaDdxbjFnZTV1NzZYRlVDaWZaY2ZtNDJBRllwb0dUelJfV3hLUkZHeHdCY1RHX0NOM1B1ejlrRkt3T3hIbXJQa0xPOGluejBpVllZcHhXVUpETXRIRmd4ZGplQkRrSFZ1S0hVZ2R4MA?oc=5\" target=\"_blank\" rel=\"nofollow noopener\">Miguel Oliveira: \u00abTenho v\u00e1rias propostas, mas voltar ao MotoGP \u00e9 improv\u00e1vel\u00bb<\/a>&nbsp;&nbsp;A Bola<\/li>\n<li><a href=\"https:\/\/news.google.com\/rss\/articles\/CBMi2AFBVV95cUxOSjV6dy1jUThvS1FKWTRfaG5nVnh0YzgzUFJjVDVVRFZ3M09BVWthVmFya2h3enFMTEhLbF9Nc01BZzUzTDZxLW9ER3lWX1RweHBfU0dYX2s5TjFLZVNMSzdPc09KY0Z0Z2NRTWphdUhfMHFRYmhDWXJZR3Rwa2E2cTBhZFVhUmFmcDE5WGlpcHpqbkdLTTFkU3VXa2NjSW13Tm5sbXFhS3k1V25iXy1RODAyX3ByUEl2WVdHQlpsZVBqYVJBT1FRdkRqNTlKTjhoWXBCeFJDVFg?oc=5\" target=\"_blank\" rel=\"nofollow noopener\">Mart\u00edn elogia Savadori, mas aprova Oliveira tamb\u00e9m como piloto de testes na Aprilia<\/a>&nbsp;&nbsp;Grande Pr\u00eamio<\/li>\n<li><a href=\"https:\/\/news.google.com\/rss\/articles\/CBMi2gFBVV95cUxONWVBVHRPOXhlZHY2ZjA2b0tBVGl1NktrdjFZckNseFZXMHRSZlNDeTVZZHJTMWVGMklKRHFmcEZHMGRsMTNwd3VYSWVWa25kMzBxd2k1allGNFh4S3hqZ1NJWnJDRGsyOWg5bWR0YVRQaEJWY0RoUTlidDB2UDdkODc5cEFvaDVjV1h3MzlabEx1Yzk3TnFmck90RnNwdTBtVm41X3ZoQ1VKLUNBeTYwWjBaTVNhcEhvRWU1NDNSLWxCQm81ci0tUHZ0dmdraDZhMmdudVRqVXF3UQ?oc=5\" target=\"_blank\" rel=\"nofollow noopener\">Superbike \u00e0 vista: alem\u00e3es garantem que Miguel Oliveira j\u00e1 ter\u00e1 acordo com a BMW<\/a>&nbsp;&nbsp;Record<\/li>\n<\/ol>\n","protected":false},"excerpt":{"rendered":"Miguel Oliveira com &#8220;v\u00e1rias hip\u00f3teses&#8221; para o futuro: &#8220;Tenho de perceber bem o que quero&#8221;&nbsp;&nbsp;O Jogo MotoGP: Oliveira&hellip;\n","protected":false},"author":2,"featured_media":71616,"comment_status":"","ping_status":"","sticky":false,"template":"","format":"standard","meta":{"footnotes":""},"categories":[87],"tags":[135,32,33,134],"class_list":{"0":"post-71615","1":"post","2":"type-post","3":"status-publish","4":"format-standard","5":"has-post-thumbnail","7":"category-desporto","8":"tag-desporto","9":"tag-portugal","10":"tag-pt","11":"tag-sports"},"share_on_mastodon":{"url":"","error":""},"_links":{"self":[{"href":"https:\/\/www.europesays.com\/pt\/wp-json\/wp\/v2\/posts\/71615","targetHints":{"allow":["GET"]}}],"collection":[{"href":"https:\/\/www.europesays.com\/pt\/wp-json\/wp\/v2\/posts"}],"about":[{"href":"https:\/\/www.europesays.com\/pt\/wp-json\/wp\/v2\/types\/post"}],"author":[{"embeddable":true,"href":"https:\/\/www.europesays.com\/pt\/wp-json\/wp\/v2\/users\/2"}],"replies":[{"embeddable":true,"href":"https:\/\/www.europesays.com\/pt\/wp-json\/wp\/v2\/comments?post=71615"}],"version-history":[{"count":0,"href":"https:\/\/www.europesays.com\/pt\/wp-json\/wp\/v2\/posts\/71615\/revisions"}],"wp:featuredmedia":[{"embeddable":true,"href":"https:\/\/www.europesays.com\/pt\/wp-json\/wp\/v2\/media\/71616"}],"wp:attachment":[{"href":"https:\/\/www.europesays.com\/pt\/wp-json\/wp\/v2\/media?parent=71615"}],"wp:term":[{"taxonomy":"category","embeddable":true,"href":"https:\/\/www.europesays.com\/pt\/wp-json\/wp\/v2\/categories?post=71615"},{"taxonomy":"post_tag","embeddable":true,"href":"https:\/\/www.europesays.com\/pt\/wp-json\/wp\/v2\/tags?post=71615"}],"curies":[{"name":"wp","href":"https:\/\/api.w.org\/{rel}","templated":true}]}}