{"id":71617,"date":"2025-09-14T22:40:25","date_gmt":"2025-09-14T22:40:25","guid":{"rendered":"https:\/\/www.europesays.com\/pt\/71617\/"},"modified":"2025-09-14T22:40:25","modified_gmt":"2025-09-14T22:40:25","slug":"ms-registra-32-mortes-de-recem-nascidos-por-sepse-em-2024","status":"publish","type":"post","link":"https:\/\/www.europesays.com\/pt\/71617\/","title":{"rendered":"MS registra 32 mortes de rec\u00e9m-nascidos por sepse em 2024"},"content":{"rendered":"<p>Doen\u00e7a \u00e9 uma rea\u00e7\u00e3o extrema do organismo a uma infec\u00e7\u00e3o, causada por bact\u00e9rias, v\u00edrus, fungos, entre outros<\/p>\n<p><a href=\"https:\/\/cdn6.campograndenews.com.br\/uploads\/noticias\/2025\/09\/14\/1dbdda687b152ecd30847af6026a74c13719609e.jpeg\" data-fslightbox=\"gallery\" data-title=\"MS registra 32 mortes de rec\u00e9m-nascidos por sepse no \u00faltimo ano\" rel=\"nofollow noopener\" target=\"_blank\"><img decoding=\"async\" src=\"https:\/\/www.europesays.com\/pt\/wp-content\/uploads\/2025\/09\/39bge0vttoo4g.jpeg\" class=\"img-fluid\" width=\"800\" alt=\"MS registra 32 mortes de rec\u00e9m-nascidos por sepse no \u00faltimo ano\" title=\"MS registra 32 mortes de rec\u00e9m-nascidos por sepse no \u00faltimo ano\" height=\"588\"   loading=\"lazy\"\/><\/a>Sepse foi causa de morte de 32 rec\u00e9m-nascidos no Estado, alerta levantamento. (Foto: Divulga\u00e7\u00e3o)<\/p>\n<p>No dia 13 de setembro \u00e9 lembrado o Dia Mundial de Preven\u00e7\u00e3o da Sepse, uma das principais causas de morte evit\u00e1vel em hospitais. Em Mato Grosso do Sul, dados preliminares da SES (Secretaria Estadual de <a href=\"https:\/\/www.campograndenews.com.br\/saude\" target=\"_blank\" rel=\"nofollow noopener\">Sa\u00fade<\/a>) apontam que, em 2024, 32 rec\u00e9m-nascidos morreram em decorr\u00eancia da doen\u00e7a, entre um total de 498 \u00f3bitos de beb\u00eas no Estado.<\/p>\n<p>A sepse, uma das principais causas de morte evit\u00e1vel em hospitais, vitimou 32 rec\u00e9m-nascidos em Mato Grosso do Sul em 2024, conforme dados preliminares da Secretaria Estadual de Sa\u00fade. A condi\u00e7\u00e3o \u00e9 uma rea\u00e7\u00e3o extrema do organismo a infec\u00e7\u00f5es e pode ser fatal em poucas horas se n\u00e3o identificada rapidamente. No Brasil, foram registrados 7,7 mil atendimentos por sepse em rec\u00e9m-nascidos e 9,8 mil em crian\u00e7as em 2024, resultando em 2,7 mil mortes infantis. Globalmente, a OMS estima que ocorreram 48,9 milh\u00f5es de casos em 2020, com 11 milh\u00f5es de \u00f3bitos, sendo quase metade em crian\u00e7as menores de cinco anos.<\/p>\n<p>A sepse \u00e9 uma rea\u00e7\u00e3o extrema do organismo a uma infec\u00e7\u00e3o, que pode ser causada por bact\u00e9rias, v\u00edrus, fungos ou parasitas. Quando n\u00e3o identificada rapidamente, provoca fal\u00eancia de \u00f3rg\u00e3os e pode levar \u00e0 morte em poucas horas. Por isso, o diagn\u00f3stico precoce e o tratamento imediato s\u00e3o considerados fundamentais para salvar vidas.<\/p>\n<p>Segundo a SOBRASP (Sociedade Brasileira para a Qualidade do Cuidado e Seguran\u00e7a do Paciente), os rec\u00e9m-nascidos e as crian\u00e7as est\u00e3o entre os mais vulner\u00e1veis \u00e0 sepse. No Brasil, dados preliminares de 2024 do Minist\u00e9rio da <a href=\"https:\/\/www.campograndenews.com.br\/saude\" target=\"_blank\" rel=\"nofollow noopener\">Sa\u00fade<\/a> mostram 7,7 mil atendimentos por sepse em rec\u00e9m-nascidos e 9,8 mil em crian\u00e7as, com registro de 2,7 mil mortes infantis.<\/p>\n<p>No cen\u00e1rio global, os n\u00fameros tamb\u00e9m preocupam. A OMS (Organiza\u00e7\u00e3o Mundial da <a href=\"https:\/\/www.campograndenews.com.br\/saude\" target=\"_blank\" rel=\"nofollow noopener\">Sa\u00fade<\/a>) estima que, em 2020, tenham ocorrido 48,9 milh\u00f5es de casos e 11 milh\u00f5es de mortes, o que corresponde a 20% de todos os \u00f3bitos no mundo. Quase metade desses casos foi em crian\u00e7as com menos de cinco anos.<\/p>\n<p><strong>Alerta &#8211;<\/strong> Em rec\u00e9m-nascidos, os principais sintomas da sepse incluem instabilidade da temperatura corporal (febre ou hipotermia), apatia, irritabilidade, dificuldade para se alimentar, pele fria ou com manchas roxas e sinais de m\u00e1 circula\u00e7\u00e3o. J\u00e1 em crian\u00e7as, os sintomas mais comuns s\u00e3o febre alta, v\u00f4mitos, diarreia persistente, respira\u00e7\u00e3o acelerada, tontura e confus\u00e3o mental.<\/p>\n<p>As formas de preven\u00e7\u00e3o s\u00e3o: higieniza\u00e7\u00e3o frequente das m\u00e3os, vacina\u00e7\u00e3o de acordo com o calend\u00e1rio oficial, diagn\u00f3stico precoce de infec\u00e7\u00f5es, saneamento b\u00e1sico e acesso \u00e0 \u00e1gua pot\u00e1vel.<\/p>\n<p>A infectologista Claudia Vidal, membro da SOBRASP, refor\u00e7a que a doen\u00e7a pode ser contida com medidas simples: \u201cO diagn\u00f3stico precoce e o manejo adequado s\u00e3o decisivos para reduzir a mortalidade. A identifica\u00e7\u00e3o e o tratamento da sepse fazem parte das estrat\u00e9gias de seguran\u00e7a do paciente em todo o pa\u00eds.\u201d<\/p>\n<p>Receba as principais not\u00edcias do Estado pelo Whats. <a href=\"https:\/\/whatsapp.com\/channel\/0029Va6UwSHHltY8c4OtUb0j\" rel=\"noopener noreferrer nofollow\" target=\"_blank\">Clique aqui para acessar o <strong>canal do<\/strong> <strong>Campo Grande News<\/strong><\/a> e siga nossas <a href=\"https:\/\/www.tiktok.com\/@campograndenews?_t=8jKPysGs6SL&amp;_r=1\" rel=\"noopener noreferrer nofollow\" target=\"_blank\"><strong>redes sociais<\/strong><\/a>.<\/p>\n<p><script async src=\"\/\/www.tiktok.com\/embed.js\"><\/script><\/p>\n","protected":false},"excerpt":{"rendered":"Doen\u00e7a \u00e9 uma rea\u00e7\u00e3o extrema do organismo a uma infec\u00e7\u00e3o, causada por bact\u00e9rias, v\u00edrus, fungos, entre outros Sepse&hellip;\n","protected":false},"author":2,"featured_media":71618,"comment_status":"","ping_status":"","sticky":false,"template":"","format":"standard","meta":{"footnotes":""},"categories":[86],"tags":[19029,19028,19027,19030,116,2648,19023,5578,19026,6027,32,19024,19025,33,4066,117,13811,8487,17224],"class_list":{"0":"post-71617","1":"post","2":"type-post","3":"status-publish","4":"format-standard","5":"has-post-thumbnail","7":"category-saude","8":"tag-32-recm-nascidos-morreram","9":"tag-apontam","10":"tag-dados-preliminares","11":"tag-decorrncia","12":"tag-health","13":"tag-hospitais","14":"tag-lembrado","15":"tag-mato-grosso","16":"tag-morte-evitvel","17":"tag-mundial","18":"tag-portugal","19":"tag-preveno","20":"tag-principais-causas","21":"tag-pt","22":"tag-sade","23":"tag-saude","24":"tag-secretaria-estadual","25":"tag-sepse","26":"tag-setembro"},"share_on_mastodon":{"url":"","error":""},"_links":{"self":[{"href":"https:\/\/www.europesays.com\/pt\/wp-json\/wp\/v2\/posts\/71617","targetHints":{"allow":["GET"]}}],"collection":[{"href":"https:\/\/www.europesays.com\/pt\/wp-json\/wp\/v2\/posts"}],"about":[{"href":"https:\/\/www.europesays.com\/pt\/wp-json\/wp\/v2\/types\/post"}],"author":[{"embeddable":true,"href":"https:\/\/www.europesays.com\/pt\/wp-json\/wp\/v2\/users\/2"}],"replies":[{"embeddable":true,"href":"https:\/\/www.europesays.com\/pt\/wp-json\/wp\/v2\/comments?post=71617"}],"version-history":[{"count":0,"href":"https:\/\/www.europesays.com\/pt\/wp-json\/wp\/v2\/posts\/71617\/revisions"}],"wp:featuredmedia":[{"embeddable":true,"href":"https:\/\/www.europesays.com\/pt\/wp-json\/wp\/v2\/media\/71618"}],"wp:attachment":[{"href":"https:\/\/www.europesays.com\/pt\/wp-json\/wp\/v2\/media?parent=71617"}],"wp:term":[{"taxonomy":"category","embeddable":true,"href":"https:\/\/www.europesays.com\/pt\/wp-json\/wp\/v2\/categories?post=71617"},{"taxonomy":"post_tag","embeddable":true,"href":"https:\/\/www.europesays.com\/pt\/wp-json\/wp\/v2\/tags?post=71617"}],"curies":[{"name":"wp","href":"https:\/\/api.w.org\/{rel}","templated":true}]}}