{"id":71625,"date":"2025-09-14T22:47:09","date_gmt":"2025-09-14T22:47:09","guid":{"rendered":"https:\/\/www.europesays.com\/pt\/71625\/"},"modified":"2025-09-14T22:47:09","modified_gmt":"2025-09-14T22:47:09","slug":"rivais-em-vale-tudo-tais-araujo-e-paolla-oliveira-dancam-juntas-no-the-town","status":"publish","type":"post","link":"https:\/\/www.europesays.com\/pt\/71625\/","title":{"rendered":"Rivais em Vale Tudo, Ta\u00eds Araujo e Paolla Oliveira dan\u00e7am juntas no The Town"},"content":{"rendered":"<p>As atrizes <a href=\"https:\/\/caras.com.br\/tags\/tais-araujo\" rel=\"nofollow noopener\" target=\"_blank\"><strong>Ta\u00eds Araujo<\/strong><\/a> e <a href=\"https:\/\/caras.com.br\/tags\/paolla-oliveira\" rel=\"nofollow noopener\" target=\"_blank\"><strong>Paolla Oliveira<\/strong><\/a> mostraram que a rivalidade entre as personagens Raquel Accioli e Heleninha Roitman fica apenas nas cenas da novela <a href=\"https:\/\/caras.com.br\/tags\/vale-tudo\" rel=\"nofollow noopener\" target=\"_blank\">Vale Tudo<\/a>, da Globo. Isso porque as amigas surgiram se divertindo no festival de m\u00fasica The Town, em S\u00e3o Paulo.<\/p>\n<p>As duas foram flagradas pelos paparazzi enquanto dan\u00e7avam juntas e davam risadas durante o show do cantor Jota P\u00ea na tarde deste domingo, 14.<\/p>\n<p>Ta\u00eds foi ao evento acompanhada de seu marido, o ator <a href=\"https:\/\/caras.com.br\/tags\/lazaro-ramos\" rel=\"nofollow noopener\" target=\"_blank\"><strong>L\u00e1zaro Ramos<\/strong><\/a>, apenas um dia ap\u00f3s os dois celebrarem os 21 anos de casamento. Inclusive, eles fizeram uma cerim\u00f4nia intimista de renova\u00e7\u00e3o de votos de amor no apartamento deles na noite de s\u00e1bado, 13.<\/p>\n<p> <img loading=\"lazy\" decoding=\"async\" class=\"wp-image-1003591 size-full img-fluid lazy\" alt=\"Ta\u00eds Araujo e Paolla Oliveira no The Town - Foto: Natalia Rampinelli\/ Agnews\" width=\"2048\" height=\"1366\" src=\"https:\/\/www.europesays.com\/pt\/wp-content\/uploads\/2025\/09\/paolla-Oliveira-e-tais-araujo.jpg\"  \/>Ta\u00eds Araujo e Paolla Oliveira no The Town \u2013 Foto: Natalia Rampinelli\/ Agnews <img loading=\"lazy\" decoding=\"async\" class=\"wp-image-1003589 size-full img-fluid lazy\" alt=\"Ta\u00eds Araujo e Paolla Oliveira no The Town - Foto: Natalia Rampinelli\/ Agnews\" width=\"2048\" height=\"1366\" src=\"https:\/\/www.europesays.com\/pt\/wp-content\/uploads\/2025\/09\/paolla-Oliveira-e-tais-araujo-3.jpg\"  \/>Ta\u00eds Araujo e Paolla Oliveira no The Town \u2013 Foto: Natalia Rampinelli\/ Agnews <\/p>\n<blockquote class=\"instagram-media\" style=\"background: #FFF; border: 0; border-radius: 3px; box-shadow: 0 0 1px 0 rgba(0,0,0,0.5),0 1px 10px 0 rgba(0,0,0,0.15); margin: 1px; max-width: 540px; min-width: 326px; padding: 0; width: calc(100% - 2px);\" data-instgrm-captioned=\"\" data-instgrm-permalink=\"https:\/\/www.instagram.com\/reel\/DOmAa1UjywI\/?utm_source=ig_embed&amp;utm_campaign=loading\" data-instgrm-version=\"14\"><\/blockquote>\n<p>  Paolla Oliveira opina sobre Virginia na Grande Rio <\/p>\n<p>Ao longo da entrevista ao \u2018Conversa Vai, Conversa Vem\u2019, Paolla Oliveira tamb\u00e9m comentou sobre seu posto de rainha da Grande Rio ser ocupado por Virginia Fonseca. <a href=\"https:\/\/caras.com.br\/atualidades\/paolla-oliveira-deixa-escapar-opiniao-sobre-virginia-na-grande-rio-diferentes.phtml\" target=\"_blank\" rel=\"noopener nofollow\">A famosa exp\u00f4s o que pensa<\/a> e mais uma vez falou sobre passar a coroa sem problemas.<\/p>\n<p>\u201cN\u00e3o conhe\u00e7o Virginia, sempre foi muito simp\u00e1tica comigo no m\u00ednimo de troca. Somos mulheres muito diferentes, isso \u00e9 um fato. Temos valores diferentes, pensamentos diferentes. Apesar de que eu n\u00e3o conhe\u00e7o Virginia, n\u00e3o tive nenhum contato com a Virginia, s\u00f3 conhe\u00e7o a pessoa p\u00fablica dela. Ent\u00e3o as pessoas p\u00fablicas s\u00e3o bastante diferentes. E posto isso, n\u00e3o acho que nenhuma opini\u00e3o que eu v\u00e1 dar falha no sentido de que vai ser s\u00f3 para criar um Fla x Flu entre rivalidades femininas. Pra qu\u00ea?\u201c, falou.<\/p>\n<p>\u201cEu acho que ela tem que brilhar. O que eu desejo para ela, e seria para qualquer outra pessoa que assuma esse posto, que ela tenha amor, responsabilidade, dedica\u00e7\u00e3o com a comunidade como um todo, para al\u00e9m disso, com as mulheres\u201c, completou a atriz.<\/p>\n<p><strong>Leia tamb\u00e9m<\/strong>: <a href=\"https:\/\/caras.com.br\/bem-estar\/pai-de-paolla-oliveira-esta-com-mesma-doenca-sem-cura-de-bruce-willis.phtml\" rel=\"nofollow noopener\" target=\"_blank\">Pai de Paolla Oliveira est\u00e1 com a mesma doen\u00e7a sem cura de Bruce Willis<\/a><\/p>\n<p>        <a href=\"https:\/\/caras.com.br\/autor\/priscilla-comoti\" rel=\"nofollow noopener\" target=\"_blank\">&#13;<br \/>\n          <img alt=\"Priscilla Comoti\" src=\"https:\/\/www.europesays.com\/pt\/wp-content\/uploads\/2025\/09\/1757890029_50_e53883bdf02c542f6517b68879e8cb08b27a1d55c4dfd53577e47d3ab6331a06\"  class=\"avatar avatar-115 photo rounded-circle mr-3\" height=\"115\" width=\"115\" loading=\"lazy\" decoding=\"async\"\/>        <\/a><\/p>\n<p>Priscilla Comoti \u00e9 editora de conte\u00fado do site CARAS. Ela \u00e9 formada em jornalismo e em audiovisual, j\u00e1 passou pelos sites Contigo!, Minha Novela, TiTiTi, Mais Novela e Portal M\u00e1rcia Piovesan. Escreve sobre celebridades, not\u00edcias sobre a fam\u00edlia real brit\u00e2nica, TV, reality show e novelas.<\/p>\n<p>\t                                            <script async src=\"\/\/www.instagram.com\/embed.js\"><\/script><\/p>\n","protected":false},"excerpt":{"rendered":"As atrizes Ta\u00eds Araujo e Paolla Oliveira mostraram que a rivalidade entre as personagens Raquel Accioli e Heleninha&hellip;\n","protected":false},"author":2,"featured_media":71626,"comment_status":"","ping_status":"","sticky":false,"template":"","format":"standard","meta":{"footnotes":""},"categories":[145],"tags":[211,210,114,115,2927,32,33,5456,11077,2154],"class_list":{"0":"post-71625","1":"post","2":"type-post","3":"status-publish","4":"format-standard","5":"has-post-thumbnail","7":"category-celebridades","8":"tag-celebridades","9":"tag-celebrities","10":"tag-entertainment","11":"tag-entretenimento","12":"tag-paolla-oliveira","13":"tag-portugal","14":"tag-pt","15":"tag-tais-araujo","16":"tag-the-town","17":"tag-vale-tudo"},"share_on_mastodon":{"url":"","error":""},"_links":{"self":[{"href":"https:\/\/www.europesays.com\/pt\/wp-json\/wp\/v2\/posts\/71625","targetHints":{"allow":["GET"]}}],"collection":[{"href":"https:\/\/www.europesays.com\/pt\/wp-json\/wp\/v2\/posts"}],"about":[{"href":"https:\/\/www.europesays.com\/pt\/wp-json\/wp\/v2\/types\/post"}],"author":[{"embeddable":true,"href":"https:\/\/www.europesays.com\/pt\/wp-json\/wp\/v2\/users\/2"}],"replies":[{"embeddable":true,"href":"https:\/\/www.europesays.com\/pt\/wp-json\/wp\/v2\/comments?post=71625"}],"version-history":[{"count":0,"href":"https:\/\/www.europesays.com\/pt\/wp-json\/wp\/v2\/posts\/71625\/revisions"}],"wp:featuredmedia":[{"embeddable":true,"href":"https:\/\/www.europesays.com\/pt\/wp-json\/wp\/v2\/media\/71626"}],"wp:attachment":[{"href":"https:\/\/www.europesays.com\/pt\/wp-json\/wp\/v2\/media?parent=71625"}],"wp:term":[{"taxonomy":"category","embeddable":true,"href":"https:\/\/www.europesays.com\/pt\/wp-json\/wp\/v2\/categories?post=71625"},{"taxonomy":"post_tag","embeddable":true,"href":"https:\/\/www.europesays.com\/pt\/wp-json\/wp\/v2\/tags?post=71625"}],"curies":[{"name":"wp","href":"https:\/\/api.w.org\/{rel}","templated":true}]}}