{"id":71627,"date":"2025-09-14T22:50:08","date_gmt":"2025-09-14T22:50:08","guid":{"rendered":"https:\/\/www.europesays.com\/pt\/71627\/"},"modified":"2025-09-14T22:50:08","modified_gmt":"2025-09-14T22:50:08","slug":"este-concorrente-tem-a-mae-dos-seus-filhos-dentro-da-casa-tvi","status":"publish","type":"post","link":"https:\/\/www.europesays.com\/pt\/71627\/","title":{"rendered":"Este concorrente tem a m\u00e3e dos seus filhos dentro da casa &#8211; TVI"},"content":{"rendered":"<ol>\n<li><a href=\"https:\/\/news.google.com\/rss\/articles\/CBMivAFBVV95cUxNS0dvRlcyV2J0emZaX3lBdHBFX1RIdjVTYVVJV3hzQW0wMlRoREZPa0NoNmUzUjRkR1F1MUNxc3FjWWpRaXc4UmxWUU9FTHl1ZEZvTlBYZFY1TXBUaG1KWHpYbDFIRkJ5N2RFSHlJaUprd09sLURNenJ0VEl2eXo5bkFoWE9TbktmZmhHYmZadTdydlQzSWpoT1FNZDNXU0hSR1haV3lPVkpWZHdZV0VRdXgwLTdSWU94bmtEYg?oc=5\" target=\"_blank\" rel=\"nofollow noopener\">Este concorrente tem a m\u00e3e dos seus filhos dentro da casa<\/a>&nbsp;&nbsp;TVI<\/li>\n<li><a href=\"https:\/\/news.google.com\/rss\/articles\/CBMitwFBVV95cUxQMUFueFJxY0hiTk9TTy1yNkdiR0dkRzhaalBxTVNzT0J6NFEydEZyaGdmV3UwVXBTV1IzWnpaTjRnVURUUXJHd0xyYjNOeFB2WkppTTE5WGJpWkc3NjdYRHJMZVNTNEJZWmozZVBRUThHckJ2dXNwSElmbWhTTHlzcGpQb0YwRGlWQTR5dmJKUmhCZ1FELWVpQWNTUURMc04tbGVoMHNYQVVrN085S1VOeldwcnAwTjQ?oc=5\" target=\"_blank\" rel=\"nofollow noopener\">Eis Marisa, Pedro Jorge e Ana. Os novos concorrentes da TVI<\/a>&nbsp;&nbsp;A Televis\u00e3o<\/li>\n<li><a href=\"https:\/\/news.google.com\/rss\/articles\/CBMikgFBVV95cUxQQ3lvLTBvZmI5VG9DQjNORXpYVVRuVDRIUjJlTVg0YjFobERmTkJ5RHU0aXk0N2FVazhYRWh4MHl4akxra0RGd2JmZjF3NXhmb3NSZF9nZDBFUjF4WVhpQkxTcmJFOVdSQkFuUWdweUZIRm5Tb1hSSTIwZWFtT1FlUDBUbUJ3czlubnhqZDBBeTJGUQ?oc=5\" target=\"_blank\" rel=\"nofollow noopener\">Casa dos Segredos 9: Fique a conhecer o concorrente Pedro Geraldes<\/a>&nbsp;&nbsp;Dioguinho<\/li>\n<li><a href=\"https:\/\/news.google.com\/rss\/articles\/CBMizgFBVV95cUxNNnNpbl92SXROSU0wRXVQSlJHbG1qX1RXREI1akFjUE02LXM4TFVJeXdUYjNJY2FQcWdIU1pRbDc1U3pDR2xqMXpzVlZqV2NrT2ctejdFZVV5V0pQcVJBamlhV2FhWTdmX25KYkZSRTN5STVvcklTRG1YWnNTa3BEWjFMN2tieFZnRzlqMGg1bFNpdWFULUJ3bUdiTVB5TXhsbkFrQTJ3UDdJY1lqREpnbDFJZE41S0pGaW1jVVR2SE5ZZkVDa3J2SWlxQXRtdw?oc=5\" target=\"_blank\" rel=\"nofollow noopener\">\u00abO meu marido est\u00e1 na casa\u00bb: Est\u00e1 revelado o primeiro casalinho da edi\u00e7\u00e3o<\/a>&nbsp;&nbsp;TVI<\/li>\n<li><a href=\"https:\/\/news.google.com\/rss\/articles\/CBMinwFBVV95cUxPM1IzT0dPeE9ZRjFjc0x2U0wwYUJrRl9zOWRmUlBJS2FIVWVjQ3laS3pNdnBzZHJvQWNFU1hxdU5fejdvYld0YVB3WENYUWlySmZtWmlDUm13TlRQR05nTUxhZzNzZU5hU2ZkQjB0Y015SFF0eUJRNzk3Ylo4WWVCWFFrdS1tbm1MSXF4OFo2VUhscFY3MWVqWWU5NzNtbms?oc=5\" target=\"_blank\" rel=\"nofollow noopener\">O casal do Secret Story \u2013 Casa dos Segredos: Marisa Fernandes e Pedro Geraldes<\/a>&nbsp;&nbsp;Dioguinho<\/li>\n<\/ol>\n","protected":false},"excerpt":{"rendered":"Este concorrente tem a m\u00e3e dos seus filhos dentro da casa&nbsp;&nbsp;TVI Eis Marisa, Pedro Jorge e Ana. Os&hellip;\n","protected":false},"author":2,"featured_media":71628,"comment_status":"","ping_status":"","sticky":false,"template":"","format":"standard","meta":{"footnotes":""},"categories":[142],"tags":[114,115,19033,19034,14646,32,33,151,19032],"class_list":{"0":"post-71627","1":"post","2":"type-post","3":"status-publish","4":"format-standard","5":"has-post-thumbnail","7":"category-tv","8":"tag-entertainment","9":"tag-entretenimento","10":"tag-galas-em-video","11":"tag-melhores-momentos-casa-dos-segredos","12":"tag-pedro","13":"tag-portugal","14":"tag-pt","15":"tag-tv","16":"tag-videos-secret-story-tvi"},"share_on_mastodon":{"url":"","error":""},"_links":{"self":[{"href":"https:\/\/www.europesays.com\/pt\/wp-json\/wp\/v2\/posts\/71627","targetHints":{"allow":["GET"]}}],"collection":[{"href":"https:\/\/www.europesays.com\/pt\/wp-json\/wp\/v2\/posts"}],"about":[{"href":"https:\/\/www.europesays.com\/pt\/wp-json\/wp\/v2\/types\/post"}],"author":[{"embeddable":true,"href":"https:\/\/www.europesays.com\/pt\/wp-json\/wp\/v2\/users\/2"}],"replies":[{"embeddable":true,"href":"https:\/\/www.europesays.com\/pt\/wp-json\/wp\/v2\/comments?post=71627"}],"version-history":[{"count":0,"href":"https:\/\/www.europesays.com\/pt\/wp-json\/wp\/v2\/posts\/71627\/revisions"}],"wp:featuredmedia":[{"embeddable":true,"href":"https:\/\/www.europesays.com\/pt\/wp-json\/wp\/v2\/media\/71628"}],"wp:attachment":[{"href":"https:\/\/www.europesays.com\/pt\/wp-json\/wp\/v2\/media?parent=71627"}],"wp:term":[{"taxonomy":"category","embeddable":true,"href":"https:\/\/www.europesays.com\/pt\/wp-json\/wp\/v2\/categories?post=71627"},{"taxonomy":"post_tag","embeddable":true,"href":"https:\/\/www.europesays.com\/pt\/wp-json\/wp\/v2\/tags?post=71627"}],"curies":[{"name":"wp","href":"https:\/\/api.w.org\/{rel}","templated":true}]}}