{"id":71631,"date":"2025-09-14T22:53:10","date_gmt":"2025-09-14T22:53:10","guid":{"rendered":"https:\/\/www.europesays.com\/pt\/71631\/"},"modified":"2025-09-14T22:53:10","modified_gmt":"2025-09-14T22:53:10","slug":"futsal-sporting-bate-sp-braga-em-casa-benfica-tambem-vence","status":"publish","type":"post","link":"https:\/\/www.europesays.com\/pt\/71631\/","title":{"rendered":"Futsal: Sporting bate Sp. Braga em casa, Benfica tamb\u00e9m vence"},"content":{"rendered":"<p style=\"margin-bottom:11px\">Depois da vit\u00f3ria suada na 1.\u00aa ronda, o Sporting recebeu e venceu o Sporting de Braga por 5-2, este domingo, na segunda jornada do campeonato nacional de futsal.<\/p>\n<p>Logo aos dois minutos, Tiago Sousa adiantou os minhotos, mas os le\u00f5es empataram aos quatro, por Tom\u00e1s Pa\u00e7\u00f3. A reviravolta chegou aos sete minutos, por interm\u00e9dio de Rocha.<\/p>\n<p>Os restantes golos s\u00f3 chegaram na segunda parte. Aos 26 minutos, Bruno Pinto aumentou a vantagem da equipa de Nuno Dias, no entanto, os comandados de Joel Rocha reduziram pouco depois por Vit\u00e3o (28m).<\/p>\n<p>Bruno Pinto viria a bisar aos 32 minutos e, numa altura em que o Sp. Braga j\u00e1 tinha apostado no cinco para quatro, Tom\u00e1s Pa\u00e7\u00f3 (40m) sentenciou as contas da partida.<\/p>\n<p> Benfica vence Rio Ave no Pavilh\u00e3o da Luz <\/p>\n<p>Tamb\u00e9m na tarde deste domingo, o Benfica venceu o Rio Ave na Luz, por 3-1.<\/p>\n<p>Depois de uma primeira parte sem golos, Jacar\u00e9 (28m), Arthur (30m) e um autogolo de Peixinho (36m) fizeram mexer o marcador a favor dos encarnados, enquanto R\u00faben G\u00f3is (29m) assinou o golo dos vilacondenses.<\/p>\n<p>Benfica, Sporting, Le\u00f5es de Porto Salvo e Ferreira do Z\u00eazere seguem no topo da tabela, com seis pontos em duas jornadas.<\/p>\n","protected":false},"excerpt":{"rendered":"Depois da vit\u00f3ria suada na 1.\u00aa ronda, o Sporting recebeu e venceu o Sporting de Braga por 5-2,&hellip;\n","protected":false},"author":2,"featured_media":71632,"comment_status":"","ping_status":"","sticky":false,"template":"","format":"standard","meta":{"footnotes":""},"categories":[87],"tags":[51,135,1831,19041,19042,19040,46,1830,32,33,47,9819,1233,34,134],"class_list":{"0":"post-71631","1":"post","2":"type-post","3":"status-publish","4":"format-standard","5":"has-post-thumbnail","7":"category-desporto","8":"tag-benfica","9":"tag-desporto","10":"tag-futsal","11":"tag-futsal-benfica","12":"tag-futsal-sp-braga","13":"tag-futsal-sporting","14":"tag-maisfutebol","15":"tag-modalidades","16":"tag-portugal","17":"tag-pt","18":"tag-pura-paixao","19":"tag-rio-ave","20":"tag-sp-braga","21":"tag-sporting","22":"tag-sports"},"share_on_mastodon":{"url":"","error":""},"_links":{"self":[{"href":"https:\/\/www.europesays.com\/pt\/wp-json\/wp\/v2\/posts\/71631","targetHints":{"allow":["GET"]}}],"collection":[{"href":"https:\/\/www.europesays.com\/pt\/wp-json\/wp\/v2\/posts"}],"about":[{"href":"https:\/\/www.europesays.com\/pt\/wp-json\/wp\/v2\/types\/post"}],"author":[{"embeddable":true,"href":"https:\/\/www.europesays.com\/pt\/wp-json\/wp\/v2\/users\/2"}],"replies":[{"embeddable":true,"href":"https:\/\/www.europesays.com\/pt\/wp-json\/wp\/v2\/comments?post=71631"}],"version-history":[{"count":0,"href":"https:\/\/www.europesays.com\/pt\/wp-json\/wp\/v2\/posts\/71631\/revisions"}],"wp:featuredmedia":[{"embeddable":true,"href":"https:\/\/www.europesays.com\/pt\/wp-json\/wp\/v2\/media\/71632"}],"wp:attachment":[{"href":"https:\/\/www.europesays.com\/pt\/wp-json\/wp\/v2\/media?parent=71631"}],"wp:term":[{"taxonomy":"category","embeddable":true,"href":"https:\/\/www.europesays.com\/pt\/wp-json\/wp\/v2\/categories?post=71631"},{"taxonomy":"post_tag","embeddable":true,"href":"https:\/\/www.europesays.com\/pt\/wp-json\/wp\/v2\/tags?post=71631"}],"curies":[{"name":"wp","href":"https:\/\/api.w.org\/{rel}","templated":true}]}}