{"id":71681,"date":"2025-09-14T23:32:14","date_gmt":"2025-09-14T23:32:14","guid":{"rendered":"https:\/\/www.europesays.com\/pt\/71681\/"},"modified":"2025-09-14T23:32:14","modified_gmt":"2025-09-14T23:32:14","slug":"cristina-ferreira-arrisca-novo-look-e-conquista-atencoes-no-secret-story-secret-story","status":"publish","type":"post","link":"https:\/\/www.europesays.com\/pt\/71681\/","title":{"rendered":"Cristina Ferreira arrisca novo look e conquista aten\u00e7\u00f5es no Secret Story &#8211; Secret Story"},"content":{"rendered":"<p>Cristina Ferreira j\u00e1 est\u00e1 a postos para apresentar a gala de estreia da nova edi\u00e7\u00e3o do Secret Story &#8211; Casa dos Segredos, que j\u00e1 est\u00e1 no ar.\u00a0<\/p>\n<p>Para a ocasi\u00e3o, a diretora de entretenimento e fic\u00e7\u00e3o da TVI <a href=\"https:\/\/tvi.iol.pt\/secretstory\/videos\/cristina-ferreira-estreia-o-secret-story-9-com-um-novo-visual-veja-tudo\/68c725e20cf285ab53a5eb86\" rel=\"nofollow noopener\" target=\"_blank\">fez uma mudan\u00e7a de visual surpreendente<\/a>, estando agora de cabelo curto e ainda mais loira.\u00a0<\/p>\n<blockquote class=\"instagram-media\" data-instgrm-captioned=\"\" data-instgrm-permalink=\"https:\/\/www.instagram.com\/p\/DOmLIa-DMiV\/?utm_source=ig_embed&amp;utm_campaign=loading\" data-instgrm-version=\"14\" style=\" background:#FFF; border:0; border-radius:3px; box-shadow:0 0 1px 0 rgba(0,0,0,0.5),0 1px 10px 0 rgba(0,0,0,0.15); margin: 1px; max-width:540px; min-width:326px; padding:0; width:99.375%; width:-webkit-calc(100% - 2px); width:calc(100% - 2px);\">\n<\/blockquote>\n<p>\u00a0<\/p>\n<p>Para al\u00e9m disso, Cristina Ferreira optou ainda por um vestido todo branco, com pormenores em prateado, que destaca a sua excelente forma f\u00edsica, com requinte e eleg\u00e2ncia.\u00a0<\/p>\n<p>Percorra a galeria de fotografias que prepar\u00e1mos para si com as imagens do look arrojado de Cristina Ferreira.\u00a0<\/p>\n<p>\u00a0<\/p>\n<p>                        <script async src=\"\/\/www.instagram.com\/embed.js\"><\/script><\/p>\n","protected":false},"excerpt":{"rendered":"Cristina Ferreira j\u00e1 est\u00e1 a postos para apresentar a gala de estreia da nova edi\u00e7\u00e3o do Secret Story&hellip;\n","protected":false},"author":2,"featured_media":71682,"comment_status":"","ping_status":"","sticky":false,"template":"","format":"standard","meta":{"footnotes":""},"categories":[142],"tags":[166,114,115,18800,32,33,151,162,18801],"class_list":{"0":"post-71681","1":"post","2":"type-post","3":"status-publish","4":"format-standard","5":"has-post-thumbnail","7":"category-tv","8":"tag-cristina-ferreira","9":"tag-entertainment","10":"tag-entretenimento","11":"tag-momentos-virais-secret-story","12":"tag-portugal","13":"tag-pt","14":"tag-tv","15":"tag-tvi","16":"tag-videos-virais-concorrentes"},"share_on_mastodon":{"url":"","error":""},"_links":{"self":[{"href":"https:\/\/www.europesays.com\/pt\/wp-json\/wp\/v2\/posts\/71681","targetHints":{"allow":["GET"]}}],"collection":[{"href":"https:\/\/www.europesays.com\/pt\/wp-json\/wp\/v2\/posts"}],"about":[{"href":"https:\/\/www.europesays.com\/pt\/wp-json\/wp\/v2\/types\/post"}],"author":[{"embeddable":true,"href":"https:\/\/www.europesays.com\/pt\/wp-json\/wp\/v2\/users\/2"}],"replies":[{"embeddable":true,"href":"https:\/\/www.europesays.com\/pt\/wp-json\/wp\/v2\/comments?post=71681"}],"version-history":[{"count":0,"href":"https:\/\/www.europesays.com\/pt\/wp-json\/wp\/v2\/posts\/71681\/revisions"}],"wp:featuredmedia":[{"embeddable":true,"href":"https:\/\/www.europesays.com\/pt\/wp-json\/wp\/v2\/media\/71682"}],"wp:attachment":[{"href":"https:\/\/www.europesays.com\/pt\/wp-json\/wp\/v2\/media?parent=71681"}],"wp:term":[{"taxonomy":"category","embeddable":true,"href":"https:\/\/www.europesays.com\/pt\/wp-json\/wp\/v2\/categories?post=71681"},{"taxonomy":"post_tag","embeddable":true,"href":"https:\/\/www.europesays.com\/pt\/wp-json\/wp\/v2\/tags?post=71681"}],"curies":[{"name":"wp","href":"https:\/\/api.w.org\/{rel}","templated":true}]}}