{"id":71717,"date":"2025-09-15T00:15:17","date_gmt":"2025-09-15T00:15:17","guid":{"rendered":"https:\/\/www.europesays.com\/pt\/71717\/"},"modified":"2025-09-15T00:15:17","modified_gmt":"2025-09-15T00:15:17","slug":"8-de-setembro-task-1-a-temporada-hbo-max-nit-pt","status":"publish","type":"post","link":"https:\/\/www.europesays.com\/pt\/71717\/","title":{"rendered":"8 de setembro: \u201cTask\u201d (1.\u00aa temporada), HBO Max &#8211; nit.pt"},"content":{"rendered":"<ol>\n<li><a href=\"https:\/\/news.google.com\/rss\/articles\/CBMi6gFBVV95cUxOc2hNOUhXTWUtRmE1SFlCcF8zei12S2tVVkhGcjRxNGV5MmpIdHJSWHU4Wl9VTjJRaFZYQ05RQUpDS0hseHlvWXZ1c3ZndXNjOGtkcmZxUF9xdVFucGdzRGtzRE1uQXlRai1KZlVZMjdZZ0pYY0x2WHVrZFZ4Tk5QSFgxRlctSE95Q29CX0hHMkdUdHozUnZaamUzSGdfZWdCcTgtS1hnb0hKWDRHMEk5Q0JpZVVZcjJUdUxya1F3SEl2emhqXzl4N2ZHdm8xTy1YMGJITWswSUwzUXhFSk5WZ3lSWWZGM2s2a2c?oc=5\" target=\"_blank\" rel=\"nofollow noopener\">8 de setembro: \u201cTask\u201d (1.\u00aa temporada), HBO Max<\/a>&nbsp;&nbsp;nit.pt<\/li>\n<li><a href=\"https:\/\/news.google.com\/rss\/articles\/CBMiuAFBVV95cUxQSkFyeDVMQkkyeUNMS05Hb0w1Nl9DM2JoV1poWjZOZGJRakd0UjVEaEpraGpVSTVMY3lTN1VfcmFDZFJGdGxUNGp3bDhHTmNhbHdLbnV3OEFTcWZPX1ZObm14WVpzeWp3eFBKSmNNclJra1Z2bmJId3BnclFVMlFobmx5djBwVzhUVFBUcjVyVWNoTUZLMzdvdzYxMEhwSHBtY0JNVUhkNDFDUVhnZXFEeGstaGVncjFu?oc=5\" target=\"_blank\" rel=\"nofollow noopener\">Criador de \u2018Task\u2019 explica a VEJA escolha de Mark Ruffalo para s\u00e9rie da HBO<\/a>&nbsp;&nbsp;VEJA<\/li>\n<li><a href=\"https:\/\/news.google.com\/rss\/articles\/CBMifEFVX3lxTE1JN2k1bDdzam9BRkpfVUpjWUxWM1h2NnpkZVM5bVJDUzQtS3lvZWhkNHZ1MzdVWWxTa3pCY2FfdTNVQTlQYkdUaWZxdFBCN2JQaUZBWkIzN3pFMmN5ME5hTnE3bEViYnR5WXFNX19EbXRtVVB5QjRpUVA3NEI?oc=5\" target=\"_blank\" rel=\"nofollow noopener\">Task: Unidade Especial, epis\u00f3dio 2: A hora de estreia na HBO e HBO Max<\/a>&nbsp;&nbsp;Jornada Geek<\/li>\n<li><a href=\"https:\/\/news.google.com\/rss\/articles\/CBMiwgFBVV95cUxNQ0tmNi11T0dlVFZxZDh6TXVMdTFBd3VVcGNXZk9pTGQ5TGNwVFcwamlLRmRpS0hxeFBQdjVEUWpRQXFGaE4xQkZYZVlHSFBzUFpkSDU2NW9nX3ZmdU5MT0xkQ20tUUZON1NJOXZQTEwxR0N6WTdDQlBMOEJKSkxTYkJmTlZuenhyN1VERzQwZE5QNDV2Ui1Ua3poOTlTMlNuNnBrSlA4N2pIS0NWS1JMRHJnRG5RUzJBYm8yY3loWGhOdw?oc=5\" target=\"_blank\" rel=\"nofollow noopener\">Primeiras Impress\u00f5es | &#8216;Task&#8217; bebe de &#8216;Mare of Easttown&#8217; e constr\u00f3i um INSTIGANTE suspense criminal<\/a>&nbsp;&nbsp;CinePOP Cinema<\/li>\n<li><a href=\"https:\/\/news.google.com\/rss\/articles\/CBMiugFBVV95cUxNemY1Z2d5MktpTmFOY2ZTdE8yTHVVWlA0ZVprUmc2QzRZUGFCOFpSb21GSGJoQktra29HMF9xWHI3dzZEaERrWkgyWTFPWWtabTFPb3JIVm1fZHVsVVU1M0k2RzE4bGhxakYtVS0zUWVqS3I0VnJndmtvSkpGOVM0YkFlNHItT3RzME80a0tyeng2WWRGSThGRzZ5Y1k3b09MLXY0N3Z0RG5idnd1bVdOWXp3UEFCR2t4M3c?oc=5\" target=\"_blank\" rel=\"nofollow noopener\">Task \u00e9 baseado em hist\u00f3ria real? Conhe\u00e7a a verdade por tr\u00e1s da s\u00e9rie<\/a>&nbsp;&nbsp;TecMundo<\/li>\n<\/ol>\n","protected":false},"excerpt":{"rendered":"8 de setembro: \u201cTask\u201d (1.\u00aa temporada), HBO Max&nbsp;&nbsp;nit.pt Criador de \u2018Task\u2019 explica a VEJA escolha de Mark Ruffalo&hellip;\n","protected":false},"author":2,"featured_media":54911,"comment_status":"","ping_status":"","sticky":false,"template":"","format":"standard","meta":{"footnotes":""},"categories":[142],"tags":[114,115,32,33,151],"class_list":{"0":"post-71717","1":"post","2":"type-post","3":"status-publish","4":"format-standard","5":"has-post-thumbnail","7":"category-tv","8":"tag-entertainment","9":"tag-entretenimento","10":"tag-portugal","11":"tag-pt","12":"tag-tv"},"share_on_mastodon":{"url":"","error":""},"_links":{"self":[{"href":"https:\/\/www.europesays.com\/pt\/wp-json\/wp\/v2\/posts\/71717","targetHints":{"allow":["GET"]}}],"collection":[{"href":"https:\/\/www.europesays.com\/pt\/wp-json\/wp\/v2\/posts"}],"about":[{"href":"https:\/\/www.europesays.com\/pt\/wp-json\/wp\/v2\/types\/post"}],"author":[{"embeddable":true,"href":"https:\/\/www.europesays.com\/pt\/wp-json\/wp\/v2\/users\/2"}],"replies":[{"embeddable":true,"href":"https:\/\/www.europesays.com\/pt\/wp-json\/wp\/v2\/comments?post=71717"}],"version-history":[{"count":0,"href":"https:\/\/www.europesays.com\/pt\/wp-json\/wp\/v2\/posts\/71717\/revisions"}],"wp:featuredmedia":[{"embeddable":true,"href":"https:\/\/www.europesays.com\/pt\/wp-json\/wp\/v2\/media\/54911"}],"wp:attachment":[{"href":"https:\/\/www.europesays.com\/pt\/wp-json\/wp\/v2\/media?parent=71717"}],"wp:term":[{"taxonomy":"category","embeddable":true,"href":"https:\/\/www.europesays.com\/pt\/wp-json\/wp\/v2\/categories?post=71717"},{"taxonomy":"post_tag","embeddable":true,"href":"https:\/\/www.europesays.com\/pt\/wp-json\/wp\/v2\/tags?post=71717"}],"curies":[{"name":"wp","href":"https:\/\/api.w.org\/{rel}","templated":true}]}}