{"id":71720,"date":"2025-09-15T00:18:20","date_gmt":"2025-09-15T00:18:20","guid":{"rendered":"https:\/\/www.europesays.com\/pt\/71720\/"},"modified":"2025-09-15T00:18:20","modified_gmt":"2025-09-15T00:18:20","slug":"arbitragem-ignora-penalti-e-expulsao-contra-o-sporting","status":"publish","type":"post","link":"https:\/\/www.europesays.com\/pt\/71720\/","title":{"rendered":"Arbitragem ignora pen\u00e1lti e expuls\u00e3o contra o Sporting"},"content":{"rendered":"<p>Mais um penalti e uma expuls\u00e3o por acumula\u00e7\u00e3o de amarelos perdoados ao Sporting. Quem tem Rui Caeiro na arbitragem, tem casos destes todas as semanas.<\/p>\n<p>O jogo estava empatado quando o jogador do Famalic\u00e3o \u00e9 claramente empurrado dentro da \u00e1rea leonina. Ant\u00f3nio Nobre, de frente para o lance, faz de conta que n\u00e3o viu. O VAR, com todas as c\u00e2maras e \u00e2ngulos, simplesmente n\u00e3o existiu.<\/p>\n<p><img fetchpriority=\"high\" decoding=\"async\" src=\"data:image\/svg+xml,%3Csvg%20xmlns=\" http:=\"\" alt=\"\" width=\"1280\" height=\"960\" data-lazy- data-lazy- data-lazy-src=\"https:\/\/www.europesays.com\/pt\/wp-content\/uploads\/2025\/09\/5922640531614190518.jpg\"\/><\/p>\n<p>Momentos depois, novo esc\u00e2ndalo: Gon\u00e7alo In\u00e1cio, j\u00e1 com amarelo, acerta com o cotovelo no advers\u00e1rio, em frente ao \u00e1rbitro. Nem falta assinalada, nem o segundo cart\u00e3o mostrado. Curiosamente, o mesmo \u00e1rbitro que pouco antes tinha dado amarelo por um lance semelhante.<\/p>\n<p><img loading=\"lazy\" decoding=\"async\" src=\"data:image\/svg+xml,%3Csvg%20xmlns=\" http:=\"\" alt=\"\" width=\"1280\" height=\"960\" data-lazy- data-lazy- data-lazy-src=\"https:\/\/www.europesays.com\/pt\/wp-content\/uploads\/2025\/09\/5922640531614190513.jpg\"\/><\/p>\n<p>Assim se passeia o Sporting jornada ap\u00f3s jornada. Penalti por marcar, expuls\u00e3o por dar\u2026 e sempre a mesma prote\u00e7\u00e3o. Ser\u00e1 que vai ser sempre preciso expulsar advers\u00e1rios ou oferecer pen\u00e1ltis para que consigam ganhar? Porque at\u00e9 agora, sem ajudas, ainda n\u00e3o provaram ser capazes.<\/p>\n<p>\t\t\tCopy URL<br \/>\n\t\t\tURL Copied\n\t\t<\/p>\n<p>Segue-nos<\/p>\n<p>\t\t\t\t\t\t\t\t\t\t<a href=\"https:\/\/news.google.com\/publications\/CAAqJAgKIh5DQklTRUFnTWFnd0tDbWgxWjI5bmFXd3VjSFFvQUFQAQ?hl=pt-PT&amp;gl=PT&amp;ceid=PT%3Apt-150\" title=\"Google News\" target=\"_blank\" rel=\"nofollow noopener\" class=\"post-followus-btn google-new-btn\"><br \/>\n\t\t\t\t\t\t<img loading=\"lazy\" decoding=\"async\" src=\"data:image\/svg+xml,%3Csvg%20xmlns=\" http:=\"\" alt=\"Google News\" width=\"120\" height=\"22\" data-lazy-src=\"https:\/\/hugogil.pt\/wp-content\/themes\/jannah\/assets\/images\/google-news.svg\"\/><br \/>\n\t\t\t\t\t<\/a><\/p>\n","protected":false},"excerpt":{"rendered":"Mais um penalti e uma expuls\u00e3o por acumula\u00e7\u00e3o de amarelos perdoados ao Sporting. Quem tem Rui Caeiro na&hellip;\n","protected":false},"author":2,"featured_media":71721,"comment_status":"","ping_status":"","sticky":false,"template":"","format":"standard","meta":{"footnotes":""},"categories":[87],"tags":[18194,10501,135,11510,19062,19063,32,33,134],"class_list":{"0":"post-71720","1":"post","2":"type-post","3":"status-publish","4":"format-standard","5":"has-post-thumbnail","7":"category-desporto","8":"tag-antonio-nobre","9":"tag-casos-25-26","10":"tag-desporto","11":"tag-epoca-25-26","12":"tag-famalicao-sporting","13":"tag-jornada-5","14":"tag-portugal","15":"tag-pt","16":"tag-sports"},"share_on_mastodon":{"url":"","error":""},"_links":{"self":[{"href":"https:\/\/www.europesays.com\/pt\/wp-json\/wp\/v2\/posts\/71720","targetHints":{"allow":["GET"]}}],"collection":[{"href":"https:\/\/www.europesays.com\/pt\/wp-json\/wp\/v2\/posts"}],"about":[{"href":"https:\/\/www.europesays.com\/pt\/wp-json\/wp\/v2\/types\/post"}],"author":[{"embeddable":true,"href":"https:\/\/www.europesays.com\/pt\/wp-json\/wp\/v2\/users\/2"}],"replies":[{"embeddable":true,"href":"https:\/\/www.europesays.com\/pt\/wp-json\/wp\/v2\/comments?post=71720"}],"version-history":[{"count":0,"href":"https:\/\/www.europesays.com\/pt\/wp-json\/wp\/v2\/posts\/71720\/revisions"}],"wp:featuredmedia":[{"embeddable":true,"href":"https:\/\/www.europesays.com\/pt\/wp-json\/wp\/v2\/media\/71721"}],"wp:attachment":[{"href":"https:\/\/www.europesays.com\/pt\/wp-json\/wp\/v2\/media?parent=71720"}],"wp:term":[{"taxonomy":"category","embeddable":true,"href":"https:\/\/www.europesays.com\/pt\/wp-json\/wp\/v2\/categories?post=71720"},{"taxonomy":"post_tag","embeddable":true,"href":"https:\/\/www.europesays.com\/pt\/wp-json\/wp\/v2\/tags?post=71720"}],"curies":[{"name":"wp","href":"https:\/\/api.w.org\/{rel}","templated":true}]}}