{"id":71726,"date":"2025-09-15T00:24:15","date_gmt":"2025-09-15T00:24:15","guid":{"rendered":"https:\/\/www.europesays.com\/pt\/71726\/"},"modified":"2025-09-15T00:24:15","modified_gmt":"2025-09-15T00:24:15","slug":"nem-armona-nem-culatra-espanhois-elogiam-praia-no-algarve-que-se-situa-numa-das-ilhas-mais-selvagens-do-pais","status":"publish","type":"post","link":"https:\/\/www.europesays.com\/pt\/71726\/","title":{"rendered":"Nem Armona nem Culatra: espanh\u00f3is elogiam praia no Algarve que se situa numa das &#8220;ilhas mais selvagens&#8221; do pa\u00eds"},"content":{"rendered":"<p><strong>No sotavento algarvio h\u00e1 um areal que se encontra numa das \u201cilhas mais selvagens do pa\u00eds\u201d e que est\u00e1 a deixar os espanh\u00f3is \u2018encantados\u2019. Para l\u00e1 chegar, os visitantes atravessam um trilho ou podem optar por um pequeno comboio tur\u00edstico e, antes de pisar a areia, deparam-se com uma paisagem marcada por s\u00edmbolos da antiga pesca do atum.<\/strong><\/p>\n<p>Trata-se da Praia do Barril, localizada na ilha de Tavira, em pleno Parque Natural da Ria Formosa. De acordo com o jornal espanhol Faro de Vigo, este destino alia natureza protegida, um vasto areal e um patrim\u00f3nio cultural \u00fanico, sendo hoje um dos locais mais procurados por fam\u00edlias e viajantes em busca de tranquilidade.<\/p>\n<p class=\"has-medium-font-size\"><strong>Comboio sobre a ria<\/strong><\/p>\n<p>O acesso faz-se a partir da aldeia de Pedras d\u2019El Rei, onde uma ponte pedonal liga o continente \u00e0 ilha. Da\u00ed at\u00e9 \u00e0 praia s\u00e3o cerca de 1,5 quil\u00f3metros, que se podem percorrer a p\u00e9 ou a bordo do conhecido comboio tur\u00edstico. Segundo a mesma fonte, o percurso de sete minutos atravessa salinas e zonas h\u00famidas, revelando de perto a fauna da ria, incluindo os caracter\u00edsticos caranguejos violinistas.<\/p>\n<p>O bilhete de comboio custa cerca de dois euros por viagem e \u00e9 especialmente popular entre as crian\u00e7as, transformando o trajeto numa das principais atra\u00e7\u00f5es da experi\u00eancia. Escreve o jornal que a frequ\u00eancia \u00e9 elevada, j\u00e1 que dois comboios fazem o percurso em cont\u00ednuo, cruzando-se apenas num ponto da linha.<\/p>\n<p class=\"has-medium-font-size\"><strong>O cemit\u00e9rio de \u00e2ncoras<\/strong><\/p>\n<p>Antes de chegar ao areal, os visitantes cruzam-se com uma das imagens mais marcantes da regi\u00e3o: mais de 200 \u00e2ncoras enferrujadas dispostas nas dunas. Acrescenta a publica\u00e7\u00e3o que este Cemit\u00e9rio das \u00c2ncoras foi criado nos anos 60, quando a comunidade piscat\u00f3ria da ilha entrou em decl\u00ednio com o fim da pesca do atum.<\/p>\n<p>Refere a mesma fonte que este espa\u00e7o funciona hoje como memorial \u00e0s fam\u00edlias que dependiam da almadrava, mas tamb\u00e9m como um dos pontos mais fotografados do Algarve.<\/p>\n<p class=\"has-medium-font-size\"><strong>Areal extenso e seguro<\/strong><\/p>\n<p>Terminado o percurso de acesso \u00e0 praia, abre-se um areal com mais de 11 quil\u00f3metros de extens\u00e3o. Explica o site que, apesar de a zona central concentrar restaurantes, caf\u00e9s e servi\u00e7os balneares, basta caminhar alguns minutos para encontrar espa\u00e7os quase desertos.<\/p>\n<p>Na \u00e9poca balnear a praia conta com vigil\u00e2ncia de nadadores-salvadores, o que, segundo o <a href=\"https:\/\/www.farodevigo.es\/\" target=\"_blank\" rel=\"noreferrer noopener nofollow\">Faro de Vigo<\/a>, contribui para ser considerada uma das melhores op\u00e7\u00f5es para fam\u00edlias com crian\u00e7as. A orienta\u00e7\u00e3o a sudeste protege o areal dos ventos fortes do Atl\u00e2ntico, tornando o mar geralmente calmo.<\/p>\n<p>A Praia do Barril \u00e9 parte integrante da Ria Formosa, \u00e1rea classificada como parque natural desde 1987. Conforme a mesma fonte, a ilha de Tavira preserva um ecossistema rico em aves e flora caracter\u00edstica das zonas h\u00famidas, ao mesmo tempo que mant\u00e9m viva a mem\u00f3ria das antigas comunidades piscat\u00f3rias.<\/p>\n<p>O resultado \u00e9 um destino que combina lazer balnear com patrim\u00f3nio natural e hist\u00f3rico, atraindo n\u00e3o apenas turistas portugueses mas tamb\u00e9m visitantes estrangeiros, em particular espanh\u00f3is, que destacam o seu car\u00e1ter mais aut\u00eantico face a outras zonas do Algarve.<\/p>\n<p><strong>Leia tamb\u00e9m: <a href=\"https:\/\/postal.pt\/algarve\/farta-do-verao-no-algarve-moradora-na-regiao-critica-excesso-de-turismo-e-diz-ser-impossivel-viver-um-dia-normal-video\/\" target=\"_blank\" rel=\"noreferrer noopener nofollow\">\u201cFarta do ver\u00e3o no Algarve\u201d: moradora na regi\u00e3o critica excesso de turismo e diz ser \u201cimposs\u00edvel viver um dia normal\u201d [v\u00eddeo]<\/a><\/strong><\/p>\n","protected":false},"excerpt":{"rendered":"No sotavento algarvio h\u00e1 um areal que se encontra numa das \u201cilhas mais selvagens do pa\u00eds\u201d e que&hellip;\n","protected":false},"author":2,"featured_media":71727,"comment_status":"","ping_status":"","sticky":false,"template":"","format":"standard","meta":{"footnotes":""},"categories":[10],"tags":[27,28,15,16,14,25,26,21,22,12,13,19,20,32,23,24,33,17,18,29,30,31],"class_list":{"0":"post-71726","1":"post","2":"type-post","3":"status-publish","4":"format-standard","5":"has-post-thumbnail","7":"category-portugal","8":"tag-breaking-news","9":"tag-breakingnews","10":"tag-featured-news","11":"tag-featurednews","12":"tag-headlines","13":"tag-latest-news","14":"tag-latestnews","15":"tag-main-news","16":"tag-mainnews","17":"tag-news","18":"tag-noticias","19":"tag-noticias-principais","20":"tag-noticiasprincipais","21":"tag-portugal","22":"tag-principais-noticias","23":"tag-principaisnoticias","24":"tag-pt","25":"tag-top-stories","26":"tag-topstories","27":"tag-ultimas","28":"tag-ultimas-noticias","29":"tag-ultimasnoticias"},"share_on_mastodon":{"url":"","error":""},"_links":{"self":[{"href":"https:\/\/www.europesays.com\/pt\/wp-json\/wp\/v2\/posts\/71726","targetHints":{"allow":["GET"]}}],"collection":[{"href":"https:\/\/www.europesays.com\/pt\/wp-json\/wp\/v2\/posts"}],"about":[{"href":"https:\/\/www.europesays.com\/pt\/wp-json\/wp\/v2\/types\/post"}],"author":[{"embeddable":true,"href":"https:\/\/www.europesays.com\/pt\/wp-json\/wp\/v2\/users\/2"}],"replies":[{"embeddable":true,"href":"https:\/\/www.europesays.com\/pt\/wp-json\/wp\/v2\/comments?post=71726"}],"version-history":[{"count":0,"href":"https:\/\/www.europesays.com\/pt\/wp-json\/wp\/v2\/posts\/71726\/revisions"}],"wp:featuredmedia":[{"embeddable":true,"href":"https:\/\/www.europesays.com\/pt\/wp-json\/wp\/v2\/media\/71727"}],"wp:attachment":[{"href":"https:\/\/www.europesays.com\/pt\/wp-json\/wp\/v2\/media?parent=71726"}],"wp:term":[{"taxonomy":"category","embeddable":true,"href":"https:\/\/www.europesays.com\/pt\/wp-json\/wp\/v2\/categories?post=71726"},{"taxonomy":"post_tag","embeddable":true,"href":"https:\/\/www.europesays.com\/pt\/wp-json\/wp\/v2\/tags?post=71726"}],"curies":[{"name":"wp","href":"https:\/\/api.w.org\/{rel}","templated":true}]}}