{"id":71755,"date":"2025-09-15T00:53:11","date_gmt":"2025-09-15T00:53:11","guid":{"rendered":"https:\/\/www.europesays.com\/pt\/71755\/"},"modified":"2025-09-15T00:53:11","modified_gmt":"2025-09-15T00:53:11","slug":"eurobasket-alemanha-junta-titulo-mundial-ao-europeu","status":"publish","type":"post","link":"https:\/\/www.europesays.com\/pt\/71755\/","title":{"rendered":"EuroBasket: Alemanha junta t\u00edtulo Mundial ao Europeu"},"content":{"rendered":"<p>Com 6 pontos de Dennis Schroeder (16 pts, 3 res, 12 ass) nos \u00faltimos 1.15 minutos, dois sensacionais lan\u00e7amentos e outros tantos lances livres a 0,8s do fim, a Alemanha derrotou a Turquia por 83-88 (22-24, 24-16, 21-26, 16-22) na in\u00e9dita final do 41.\u00ba EuroBasket 2025, em Riga, sucedendo assim \u00e0 Espanha, que desta feita n\u00e3o conseguiu passar da fase de grupos.<\/p>\n<p>Desfecho que permitiu que os germ\u00e2nicos terminassem invictos e conseguissem juntar, em simult\u00e2neo, o titulo continental ao de campe\u00f5es do Mundo ganho em 2023. Feito que apenas havia acontecido em cinco ocasi\u00f5es por tr\u00eas pa\u00edses: duas atrav\u00e9s da Uni\u00e3o Sovi\u00e9tica e Jugosl\u00e1via e outra pela Espanha.<\/p>\n<p>Bronze na anterior edi\u00e7\u00e3o do EuroBasket, 2022, quando derrotaram a Pol\u00f3nia, apesar desta ser a sua 26.\u00aa participa\u00e7\u00e3o \u00e9 a primeira vez que os alem\u00e3es (2+1+1) conseguiram subir ao p\u00f3dio em dois campeonatos consecutivos. Foi a terceira ocasi\u00e3o que a Alemanha chegou \u00e0 discuss\u00e3o do cetro, tendo-se sagrado campe\u00e3 em 1993 contra R\u00fassia.<\/p>\n<p>Al\u00e9m de Schroeder, que foi eleito MVP do campeonato, Franz Wagner (18 pts, 8 res, 2 ass, 2 dsl), Tristan Da Silva (13 pts, 4 res) e Isaac Bonga (20 pts, 5 res, 3 ass) foram outros importantes jogadores dos campe\u00f5es, com o \u00faltimo, igualmente decisivo com dois triplos, um afundan\u00e7o e u, ressalto ofensivo a 30s do apito que permitiu que a equipa mantivesse a posse de bola a ser eleito o melhor jogador da final.<\/p>\n<p>Nos turcos, que comandaram o placard mais de 24m num confronto que registou 15 altern\u00e2ncias de lideran\u00e7a e 11 igualdades, a \u00faltima a 79-79 com 2.19m no cron\u00f3metro e ap\u00f3s o referido afundan\u00e7o de Bonga, o poste Alperen Sengun (28 pts, 3 res, 3 ass, 3 dsl) foi a grande figura, e teve em Cedi Osman (23 pts, com 6\/9 em triplos, 5 res), Shane Larkin (13 pts, 6 res, 9 ass, 2 rbl) e Adem Bona (12) os jogadores que o ajudaram a manter viva a hip\u00f3tese do primeiro t\u00edtulo, depois da prata em 2001, quando foram derrotados pela Jugosl\u00e1via na final. \u00a0<\/p>\n<p>No confronto para o 3.\u00ba lugar, a Gr\u00e9cia bateu a Finl\u00e2ndia por 92-89 (24-15, 24-19, 21-22, 23-33) para contabilizar o terceiro bronze do seu historial em seis p\u00f3dios (2+1+3), enquanto os finlandeses nunca, que disputam o sexto Euro consecutivo em 18 participa\u00e7\u00f5es, nunca haviam chegado t\u00e3o longe.\u00a0<\/p>\n<p>No Cinco Ideal do 41.\u00ba EuroBasket, a curiosidade de todos os eleitos actuarem na NBA: Dennis Schroeder (Alemanha, Sacramento Kings), Luka Doncic (Eslov\u00e9nia, Los Angeles Lakers), Frans Wagner (Alemanha, Orlando Magic), Giannis Antetokounmpo (Gr\u00e9cia, Milwaukee Bucks) e Alperen Sengun (Turquia, Houston Rockets).<\/p>\n","protected":false},"excerpt":{"rendered":"Com 6 pontos de Dennis Schroeder (16 pts, 3 res, 12 ass) nos \u00faltimos 1.15 minutos, dois sensacionais&hellip;\n","protected":false},"author":2,"featured_media":71756,"comment_status":"","ping_status":"","sticky":false,"template":"","format":"standard","meta":{"footnotes":""},"categories":[8],"tags":[27,28,15,16,14,25,26,21,22,12,13,19,20,32,23,24,33,17,18,29,30,31],"class_list":{"0":"post-71755","1":"post","2":"type-post","3":"status-publish","4":"format-standard","5":"has-post-thumbnail","7":"category-principais-noticias","8":"tag-breaking-news","9":"tag-breakingnews","10":"tag-featured-news","11":"tag-featurednews","12":"tag-headlines","13":"tag-latest-news","14":"tag-latestnews","15":"tag-main-news","16":"tag-mainnews","17":"tag-news","18":"tag-noticias","19":"tag-noticias-principais","20":"tag-noticiasprincipais","21":"tag-portugal","22":"tag-principais-noticias","23":"tag-principaisnoticias","24":"tag-pt","25":"tag-top-stories","26":"tag-topstories","27":"tag-ultimas","28":"tag-ultimas-noticias","29":"tag-ultimasnoticias"},"share_on_mastodon":{"url":"","error":""},"_links":{"self":[{"href":"https:\/\/www.europesays.com\/pt\/wp-json\/wp\/v2\/posts\/71755","targetHints":{"allow":["GET"]}}],"collection":[{"href":"https:\/\/www.europesays.com\/pt\/wp-json\/wp\/v2\/posts"}],"about":[{"href":"https:\/\/www.europesays.com\/pt\/wp-json\/wp\/v2\/types\/post"}],"author":[{"embeddable":true,"href":"https:\/\/www.europesays.com\/pt\/wp-json\/wp\/v2\/users\/2"}],"replies":[{"embeddable":true,"href":"https:\/\/www.europesays.com\/pt\/wp-json\/wp\/v2\/comments?post=71755"}],"version-history":[{"count":0,"href":"https:\/\/www.europesays.com\/pt\/wp-json\/wp\/v2\/posts\/71755\/revisions"}],"wp:featuredmedia":[{"embeddable":true,"href":"https:\/\/www.europesays.com\/pt\/wp-json\/wp\/v2\/media\/71756"}],"wp:attachment":[{"href":"https:\/\/www.europesays.com\/pt\/wp-json\/wp\/v2\/media?parent=71755"}],"wp:term":[{"taxonomy":"category","embeddable":true,"href":"https:\/\/www.europesays.com\/pt\/wp-json\/wp\/v2\/categories?post=71755"},{"taxonomy":"post_tag","embeddable":true,"href":"https:\/\/www.europesays.com\/pt\/wp-json\/wp\/v2\/tags?post=71755"}],"curies":[{"name":"wp","href":"https:\/\/api.w.org\/{rel}","templated":true}]}}