{"id":71782,"date":"2025-09-15T01:40:08","date_gmt":"2025-09-15T01:40:08","guid":{"rendered":"https:\/\/www.europesays.com\/pt\/71782\/"},"modified":"2025-09-15T01:40:08","modified_gmt":"2025-09-15T01:40:08","slug":"luciano-huck-poe-fim-aos-boatos-relacionados-a-livia-andrade","status":"publish","type":"post","link":"https:\/\/www.europesays.com\/pt\/71782\/","title":{"rendered":"Luciano Huck p\u00f5e fim aos boatos relacionados a L\u00edvia Andrade"},"content":{"rendered":"\n<p>Luciano Huck, 54, aproveitou a edi\u00e7\u00e3o deste domingo (14) do Doming\u00e3o com Huck para esclarecer os rumores de que L\u00edvia Andrade estaria de sa\u00edda da atra\u00e7\u00e3o.<\/p>\n<p>Durante uma brincadeira no palco, os humoristas Ed Gama e Rafael Portugal levantaram o assunto. &#8220;Onde \u00e9 que est\u00e1 a Ticiane Pinheiro?&#8221;, perguntou Ed Gama. Portugal brincou: &#8220;A gente estava esperando entrar a Ticiane e entrou a L\u00edvia&#8221;.<\/p>\n<p>Huck decidiu intervir e declarar seu apoio \u00e0 colega. &#8220;L\u00edvia Andrade estar\u00e1 neste programa enquanto ela quiser, ao longo da vida. Daqui ela n\u00e3o sai, daqui ningu\u00e9m tira. A menos que ela fale: &#8216;N\u00e3o quero mais voc\u00eas'&#8221;, afirmou.<\/p>\n<p>Na sequ\u00eancia, Ed Gama levou o bom humor adiante e fingiu ligar para Ticiane para dar a not\u00edcia de que ela n\u00e3o substituir\u00e1 a colega. &#8220;Ticiane, n\u00e3o vai dar mais para tu vir, n\u00e3o&#8221;, brincou.<\/p>\n<p>As especula\u00e7\u00f5es come\u00e7aram depois que C\u00e9sar Tralli, marido de Ticiane Pinheiro, foi anunciado como substituto de William Bonner no Jornal Nacional. Como o jornalista passar\u00e1 a trabalhar no Rio de Janeiro a partir de novembro, surgiram rumores de que Ticiane poderia migrar para a Globo.<\/p>\n<p>Mais cedo, o perfil oficial do Doming\u00e3o com Huck fez uma publica\u00e7\u00e3o negando os boatos. &#8220;Quem disse isso? JAMAIS&#8221;, diz a legenda do post.<\/p>\n","protected":false},"excerpt":{"rendered":"Luciano Huck, 54, aproveitou a edi\u00e7\u00e3o deste domingo (14) do Doming\u00e3o com Huck para esclarecer os rumores de&hellip;\n","protected":false},"author":2,"featured_media":71783,"comment_status":"","ping_status":"","sticky":false,"template":"","format":"standard","meta":{"footnotes":""},"categories":[145],"tags":[211,210,114,115,19050,2815,32,33],"class_list":{"0":"post-71782","1":"post","2":"type-post","3":"status-publish","4":"format-standard","5":"has-post-thumbnail","7":"category-celebridades","8":"tag-celebridades","9":"tag-celebrities","10":"tag-entertainment","11":"tag-entretenimento","12":"tag-livia-andrade","13":"tag-luciano-huck","14":"tag-portugal","15":"tag-pt"},"share_on_mastodon":{"url":"","error":""},"_links":{"self":[{"href":"https:\/\/www.europesays.com\/pt\/wp-json\/wp\/v2\/posts\/71782","targetHints":{"allow":["GET"]}}],"collection":[{"href":"https:\/\/www.europesays.com\/pt\/wp-json\/wp\/v2\/posts"}],"about":[{"href":"https:\/\/www.europesays.com\/pt\/wp-json\/wp\/v2\/types\/post"}],"author":[{"embeddable":true,"href":"https:\/\/www.europesays.com\/pt\/wp-json\/wp\/v2\/users\/2"}],"replies":[{"embeddable":true,"href":"https:\/\/www.europesays.com\/pt\/wp-json\/wp\/v2\/comments?post=71782"}],"version-history":[{"count":0,"href":"https:\/\/www.europesays.com\/pt\/wp-json\/wp\/v2\/posts\/71782\/revisions"}],"wp:featuredmedia":[{"embeddable":true,"href":"https:\/\/www.europesays.com\/pt\/wp-json\/wp\/v2\/media\/71783"}],"wp:attachment":[{"href":"https:\/\/www.europesays.com\/pt\/wp-json\/wp\/v2\/media?parent=71782"}],"wp:term":[{"taxonomy":"category","embeddable":true,"href":"https:\/\/www.europesays.com\/pt\/wp-json\/wp\/v2\/categories?post=71782"},{"taxonomy":"post_tag","embeddable":true,"href":"https:\/\/www.europesays.com\/pt\/wp-json\/wp\/v2\/tags?post=71782"}],"curies":[{"name":"wp","href":"https:\/\/api.w.org\/{rel}","templated":true}]}}