{"id":71794,"date":"2025-09-15T01:54:10","date_gmt":"2025-09-15T01:54:10","guid":{"rendered":"https:\/\/www.europesays.com\/pt\/71794\/"},"modified":"2025-09-15T01:54:10","modified_gmt":"2025-09-15T01:54:10","slug":"orlando-morais-passa-por-cirurgia-dificil-entenda-o-caso-celebridades","status":"publish","type":"post","link":"https:\/\/www.europesays.com\/pt\/71794\/","title":{"rendered":"Orlando Morais passa por cirurgia &#8216;dif\u00edcil&#8217;; entenda o caso | Celebridades"},"content":{"rendered":"<p>                                        Orlando Morais &#8211; Reprodu\u00e7\u00e3o \/ Instagram<\/p>\n<p class=\"content-media__description\">Orlando MoraisReprodu\u00e7\u00e3o \/ Instagram<\/p>\n<p>                                                        Publicado 14\/09\/2025 16:59 | Atualizado 14\/09\/2025 17:30\n                    <\/p>\n<p>Rio &#8211; Orlando Morais contou nas redes sociais, neste domingo (14), que passou por cirurgia &#8220;dif\u00edcil&#8221;, para tratar a\u00a0apneia do sono. O cantor, que foi submetido ao procedimento pela segunda vez, disse que conviva com o dist\u00farbio, caracterizado por longas pausas respirat\u00f3rias repetidas durante o sono, h\u00e1 62 anos.<\/p>\n<p>        &#13;<br \/>\n            fotogaleria&#13;<br \/>\n            &#13;<\/p>\n<p>                                <img decoding=\"async\" width=\"1920\" alt=\"Orlando Morais passa por cirurgia 'dif\u00edcil' para tratar apneia do\u00a0sono - Reprodu\u00e7\u00e3o de v\u00eddeo \/ Instagram\" class=\"lazyload\" src=\"https:\/\/www.europesays.com\/pt\/wp-content\/uploads\/2025\/09\/captura_de_tela_2025_09_14_164004-37024795.png\"\/><\/p>\n<p>                                <img decoding=\"async\" width=\"1920\" alt=\"Orlando Morais - Reprodu\u00e7\u00e3o \/ Instagram\" class=\"lazyload\" src=\"https:\/\/www.europesays.com\/pt\/wp-content\/uploads\/2025\/09\/saveclip_app_337161202_3311189582528906_914632979748665715_n__1_-37024784.jpg\"\/><\/p>\n<p>&#8220;Eu resolvi gravar este v\u00eddeo, mesmo com muita dificuldade em articular as palavras, para alertar quanto \u00e0 apneia, condi\u00e7\u00e3o que traz muitos danos \u00e0 sa\u00fade, de forma geral. Ap\u00f3s 62 anos sem dormir e respirar direito, decidi me cuidar. Cuide-se voc\u00ea tamb\u00e9m&#8221;, alertou\u00a0o artista.<\/p>\n<p>No v\u00eddeo, o cantor aparece com a m\u00e1scara p\u00f3s cir\u00fargica. Apesar da dificuldade para falar, ele disse:\u00a0&#8220;Essa \u00e9 a segunda cirurgia e gra\u00e7as a Deus, a \u00faltima. \u00c9 uma cirurgia dif\u00edcil, mas vale \u00e0 pena&#8221;.<\/p>\n<p>Orlando \u00e9 casado com a atriz Gl\u00f3ria Pires h\u00e1 37 anos. Eles s\u00e3o pais de Antt\u00f3nia, de 32 anos, Ana, de 24, e Bento, 20. A artista tamb\u00e9m \u00e9 m\u00e3e de Cleo, 42, fruto da antiga rela\u00e7\u00e3o com F\u00e1bio Jr.<\/p>\n<p><strong>Apneia do sono<\/strong><\/p>\n<p>A apneia do sono\u00a0pode resultar roncos, despertares curtos e inconscientes, sonol\u00eancia diurna e fadiga. Al\u00e9m disso,\u00a0pode levar a complica\u00e7\u00f5es de sa\u00fade, como problemas cardiovasculares.<\/p>\n<p><strong>Assista<\/strong><\/p>\n<p><strong>  <\/strong><\/p>\n","protected":false},"excerpt":{"rendered":"Orlando Morais &#8211; Reprodu\u00e7\u00e3o \/ Instagram Orlando MoraisReprodu\u00e7\u00e3o \/ Instagram Publicado 14\/09\/2025 16:59 | Atualizado 14\/09\/2025 17:30 Rio&hellip;\n","protected":false},"author":2,"featured_media":71795,"comment_status":"","ping_status":"","sticky":false,"template":"","format":"standard","meta":{"footnotes":""},"categories":[145],"tags":[4360,1710,211,210,5953,114,115,19071,32,33],"class_list":{"0":"post-71794","1":"post","2":"type-post","3":"status-publish","4":"format-standard","5":"has-post-thumbnail","7":"category-celebridades","8":"tag-apneia-do-sono","9":"tag-cantor","10":"tag-celebridades","11":"tag-celebrities","12":"tag-cirurgia","13":"tag-entertainment","14":"tag-entretenimento","15":"tag-orlando-morais","16":"tag-portugal","17":"tag-pt"},"share_on_mastodon":{"url":"","error":""},"_links":{"self":[{"href":"https:\/\/www.europesays.com\/pt\/wp-json\/wp\/v2\/posts\/71794","targetHints":{"allow":["GET"]}}],"collection":[{"href":"https:\/\/www.europesays.com\/pt\/wp-json\/wp\/v2\/posts"}],"about":[{"href":"https:\/\/www.europesays.com\/pt\/wp-json\/wp\/v2\/types\/post"}],"author":[{"embeddable":true,"href":"https:\/\/www.europesays.com\/pt\/wp-json\/wp\/v2\/users\/2"}],"replies":[{"embeddable":true,"href":"https:\/\/www.europesays.com\/pt\/wp-json\/wp\/v2\/comments?post=71794"}],"version-history":[{"count":0,"href":"https:\/\/www.europesays.com\/pt\/wp-json\/wp\/v2\/posts\/71794\/revisions"}],"wp:featuredmedia":[{"embeddable":true,"href":"https:\/\/www.europesays.com\/pt\/wp-json\/wp\/v2\/media\/71795"}],"wp:attachment":[{"href":"https:\/\/www.europesays.com\/pt\/wp-json\/wp\/v2\/media?parent=71794"}],"wp:term":[{"taxonomy":"category","embeddable":true,"href":"https:\/\/www.europesays.com\/pt\/wp-json\/wp\/v2\/categories?post=71794"},{"taxonomy":"post_tag","embeddable":true,"href":"https:\/\/www.europesays.com\/pt\/wp-json\/wp\/v2\/tags?post=71794"}],"curies":[{"name":"wp","href":"https:\/\/api.w.org\/{rel}","templated":true}]}}