{"id":71800,"date":"2025-09-15T02:02:07","date_gmt":"2025-09-15T02:02:07","guid":{"rendered":"https:\/\/www.europesays.com\/pt\/71800\/"},"modified":"2025-09-15T02:02:07","modified_gmt":"2025-09-15T02:02:07","slug":"cientistas-brasileiros-identificam-molecula-que-pode-revolucionar-tratamento-do-alzheimer","status":"publish","type":"post","link":"https:\/\/www.europesays.com\/pt\/71800\/","title":{"rendered":"Cientistas brasileiros identificam mol\u00e9cula que pode revolucionar tratamento do Alzheimer"},"content":{"rendered":"<p>            <img fetchpriority=\"high\" decoding=\"async\" class=\"wp-image-1457964 size-full\" src=\"https:\/\/www.europesays.com\/pt\/wp-content\/uploads\/2025\/09\/demncia-1024x683-1.jpg\" alt=\"\" width=\"1024\" height=\"599\"  \/>Cientistas brasileiros identificam mol\u00e9cula capaz de reverter o decl\u00ednio cognitivo. Foto: Divulga\u00e7\u00e3o<\/p>\n<p>Pesquisadores da Universidade Federal do Rio de Janeiro (UFRJ), em parceria com a Universidade de S\u00e3o Paulo (USP), anunciaram a descoberta de uma mol\u00e9cula com potencial para transformar o tratamento de doen\u00e7as neurodegenerativas.<\/p>\n<p>O estudo identificou que a hevina, uma subst\u00e2ncia naturalmente produzida pelo c\u00e9rebro, pode reverter perdas cognitivas em camundongos idosos e em indiv\u00edduos com condi\u00e7\u00f5es semelhantes ao Alzheimer. A pesquisa foi publicada na revista cient\u00edfica Aging Cell e contou com apoio do Minist\u00e9rio da Sa\u00fade, da Faperj e da Fapesp.<\/p>\n<p>Segundo os cientistas, a hevina desempenha papel central na plasticidade neural, sendo secretada por astr\u00f3citos \u2014 c\u00e9lulas do sistema nervoso respons\u00e1veis por dar suporte ao funcionamento dos neur\u00f4nios. A principal descoberta \u00e9 que a superprodu\u00e7\u00e3o dessa mol\u00e9cula melhora a qualidade das sinapses, aumentando a conectividade neuronal. Em testes realizados com roedores, os animais apresentaram melhora significativa no desempenho cognitivo.<\/p>\n<p>\u201cDescobrimos que a superprodu\u00e7\u00e3o de hevina \u00e9 capaz de reverter os d\u00e9ficits cognitivos de animais envelhecidos por meio da melhora na qualidade das sinapses\u201d, explicou Fl\u00e1via Alcantara Gomes, coordenadora do Laborat\u00f3rio de Neurobiologia Celular da UFRJ. A pesquisadora destacou ainda que o foco no papel dos astr\u00f3citos representa uma mudan\u00e7a importante em rela\u00e7\u00e3o \u00e0s investiga\u00e7\u00f5es tradicionais, que historicamente priorizaram os neur\u00f4nios.<\/p>\n<p><img loading=\"lazy\" decoding=\"async\" class=\"wp-image-1457965 size-full perfmatters-lazy\" alt=\"\" width=\"1273\" height=\"731\" src=\"https:\/\/www.europesays.com\/pt\/wp-content\/uploads\/2025\/09\/captura-de-tela-1811.png\"  data-\/>Universidade Federal do Rio de Janeiro (UFRJ). Foto: Divulga\u00e7\u00e3o<\/p>\n<p>At\u00e9 hoje, a maior parte dos estudos sobre Alzheimer se concentrou nas chamadas placas beta-amiloides, estruturas que se acumulam no c\u00e9rebro e prejudicam a comunica\u00e7\u00e3o entre as c\u00e9lulas. A pesquisa brasileira amplia esse horizonte ao demonstrar que os astr\u00f3citos t\u00eam influ\u00eancia direta na progress\u00e3o da doen\u00e7a e podem se tornar alvo de novas terapias.<\/p>\n<p>O professor Danilo Bilches Medinas, da USP, refor\u00e7ou que os testes mostraram n\u00e3o apenas aumento das conex\u00f5es sin\u00e1pticas, mas tamb\u00e9m melhora no desempenho em tarefas cognitivas. Ele pondera, no entanto, que a hevina ainda n\u00e3o est\u00e1 pronta para ser transformada em medicamento, mas representa uma via promissora para futuros tratamentos.<\/p>\n<p>A descoberta \u00e9 especialmente relevante em um cen\u00e1rio global em que o Alzheimer afeta mais de 50 milh\u00f5es de pessoas, segundo estimativas da Organiza\u00e7\u00e3o Mundial da Sa\u00fade (OMS). Como a popula\u00e7\u00e3o mundial est\u00e1 envelhecendo, cresce a urg\u00eancia por novas abordagens que possam retardar ou at\u00e9 mesmo reverter os sintomas da doen\u00e7a.<\/p>\n","protected":false},"excerpt":{"rendered":"Cientistas brasileiros identificam mol\u00e9cula capaz de reverter o decl\u00ednio cognitivo. Foto: Divulga\u00e7\u00e3o Pesquisadores da Universidade Federal do Rio&hellip;\n","protected":false},"author":2,"featured_media":71801,"comment_status":"","ping_status":"","sticky":false,"template":"","format":"standard","meta":{"footnotes":""},"categories":[86],"tags":[116,32,33,117],"class_list":{"0":"post-71800","1":"post","2":"type-post","3":"status-publish","4":"format-standard","5":"has-post-thumbnail","7":"category-saude","8":"tag-health","9":"tag-portugal","10":"tag-pt","11":"tag-saude"},"share_on_mastodon":{"url":"","error":""},"_links":{"self":[{"href":"https:\/\/www.europesays.com\/pt\/wp-json\/wp\/v2\/posts\/71800","targetHints":{"allow":["GET"]}}],"collection":[{"href":"https:\/\/www.europesays.com\/pt\/wp-json\/wp\/v2\/posts"}],"about":[{"href":"https:\/\/www.europesays.com\/pt\/wp-json\/wp\/v2\/types\/post"}],"author":[{"embeddable":true,"href":"https:\/\/www.europesays.com\/pt\/wp-json\/wp\/v2\/users\/2"}],"replies":[{"embeddable":true,"href":"https:\/\/www.europesays.com\/pt\/wp-json\/wp\/v2\/comments?post=71800"}],"version-history":[{"count":0,"href":"https:\/\/www.europesays.com\/pt\/wp-json\/wp\/v2\/posts\/71800\/revisions"}],"wp:featuredmedia":[{"embeddable":true,"href":"https:\/\/www.europesays.com\/pt\/wp-json\/wp\/v2\/media\/71801"}],"wp:attachment":[{"href":"https:\/\/www.europesays.com\/pt\/wp-json\/wp\/v2\/media?parent=71800"}],"wp:term":[{"taxonomy":"category","embeddable":true,"href":"https:\/\/www.europesays.com\/pt\/wp-json\/wp\/v2\/categories?post=71800"},{"taxonomy":"post_tag","embeddable":true,"href":"https:\/\/www.europesays.com\/pt\/wp-json\/wp\/v2\/tags?post=71800"}],"curies":[{"name":"wp","href":"https:\/\/api.w.org\/{rel}","templated":true}]}}