{"id":71959,"date":"2025-09-15T07:06:19","date_gmt":"2025-09-15T07:06:19","guid":{"rendered":"https:\/\/www.europesays.com\/pt\/71959\/"},"modified":"2025-09-15T07:06:19","modified_gmt":"2025-09-15T07:06:19","slug":"cristina-fonseca-a-olheira-nacional-das-startups-2","status":"publish","type":"post","link":"https:\/\/www.europesays.com\/pt\/71959\/","title":{"rendered":"Cristina Fonseca, a olheira nacional das startups"},"content":{"rendered":"<p>De fundadora a financiadora. Podia ser este o spot promocional de Cristina Fonseca, que come\u00e7ou por fundar uma startup, hoje um valioso unic\u00f3rnio nacional, e agora financia projetos promissores no mercado nacional e internacional. Cristina Fonseca, 37 anos, tinha apenas 24 quando fundou, com Tiago Paiva, colega no Instituto Superior T\u00e9cnico, a Talkdesk, atualmente avaliada em mais de 10 mil milh\u00f5es de d\u00f3lares, empresa da qual se afastou em 2016. Com forte influ\u00eancia na \u00e1rea tecnol\u00f3gica, a gestora est\u00e1 mais uma vez presente na lista das mulheres <a href=\"https:\/\/www.forbespt.com\/exclusivo-conheca-aqui-as-10-portuguesas-que-lideram-a-lista-de-2025-das-50-mais-poderosas-nos-negocios\/\" rel=\"nofollow noopener\" target=\"_blank\">Mais Poderosas nos Neg\u00f3cios<\/a> da Forbes Portugal. Com um total de 77 pontos \u2013 ver metodologia em baixo -, ocupa a 18\u00aa posi\u00e7\u00e3o do ranking de 2025.<\/p>\n<blockquote>\n<p><strong>Com um total de 77 pontos, Cristina Fonseca, atualmente partner da Indico Capital, uma empresa de capital de risco, est\u00e1 na 18\u00aa posi\u00e7\u00e3o do ranking das Mais Poderosas da Forbes Portugal.<\/strong><\/p>\n<\/blockquote>\n<p>Natural de Our\u00e9m, \u00e9 licenciada em Engenharia de Telecomunica\u00e7\u00f5es e, al\u00e9m da Talkdesk , fundou ainda, em 2019, a Cleverly, empresa que foi vendida, entretanto, \u00e0 Zendesk. Atualmente dedica a sua vida \u00e0 procura de boas ideias para investir, atrav\u00e9s da Indico Capital Partners, empresa de capital de risco, na qual diz ter o papel de \u00abolheiro\u00bb no mundo das startups. Foi considerada, em mar\u00e7o deste ano, uma das 100 l\u00edderes femininas que impulsionam a inova\u00e7\u00e3o na Europa, segundo a revista online EU Startup.<\/p>\n<p><strong>Metodologia do ranking as 50 Mulheres Mais Poderosas nos Neg\u00f3cios <\/strong><\/p>\n<p>O ranking das mulheres portuguesas com mais poder nos neg\u00f3cios, dentro e fora de fronteiras, \u00e9 elaborado com base numa avalia\u00e7\u00e3o de centenas de empresas das quais s\u00e3o retirados mais os nomes de CEO, diretoras-gerais, administradoras, acionistas e empreendedoras. A Forbes Portugal analisou mais de 150 nomes para poder pontuar e chegar assim a uma lista final. No caso de empate, foram atribu\u00eddos meios pontos, ou subindo ou descendo em compara\u00e7\u00e3o com as pares.<\/p>\n<blockquote>\n<p><strong>A Forbes Portugal analisou mais de 150 nomes para poder pontuar e chegar assim a uma lista final.<\/strong><\/p>\n<\/blockquote>\n<p>A avalia\u00e7\u00e3o \u00e9 feita com base em cinco crit\u00e9rios, pontuados de zero a 20: <strong>Fortuna<\/strong>, pessoal ou familiar; <strong>Poder de Decis\u00e3o<\/strong> \u2013 se \u00e9 CEO, presidente do Conselho de Administra\u00e7\u00e3o, administradora ou acionista -; <strong>Poder de Influ\u00eancia<\/strong>, ou seja a sua proje\u00e7\u00e3o fora da empresa, seja em programas de responsabilidade social e c\u00edvica em que se envolve, seja associa\u00e7\u00f5es em que participa, artigos que escreve e participa\u00e7\u00e3o ativa nas redes sociais (sobretudo Linkedin); <strong>Dimens\u00e3o do neg\u00f3cio<\/strong> \u2013 se s\u00e3o grandes neg\u00f3cios internacionais, em que pa\u00edses est\u00e3o presentes, qual a \u00e1rea geogr\u00e1fica de a\u00e7\u00e3o;\u00a0 e, por fim, pelo seu <strong>Empreendedorismo,<\/strong> se apenas fez carreira numa \u00e1rea, ou se envolveu na cria\u00e7\u00e3o de empresas.<\/p>\n","protected":false},"excerpt":{"rendered":"De fundadora a financiadora. Podia ser este o spot promocional de Cristina Fonseca, que come\u00e7ou por fundar uma&hellip;\n","protected":false},"author":2,"featured_media":71577,"comment_status":"","ping_status":"","sticky":false,"template":"","format":"standard","meta":{"footnotes":""},"categories":[83],"tags":[88,89,90,32,33],"class_list":{"0":"post-71959","1":"post","2":"type-post","3":"status-publish","4":"format-standard","5":"has-post-thumbnail","7":"category-empresas","8":"tag-business","9":"tag-economy","10":"tag-empresas","11":"tag-portugal","12":"tag-pt"},"share_on_mastodon":{"url":"","error":""},"_links":{"self":[{"href":"https:\/\/www.europesays.com\/pt\/wp-json\/wp\/v2\/posts\/71959","targetHints":{"allow":["GET"]}}],"collection":[{"href":"https:\/\/www.europesays.com\/pt\/wp-json\/wp\/v2\/posts"}],"about":[{"href":"https:\/\/www.europesays.com\/pt\/wp-json\/wp\/v2\/types\/post"}],"author":[{"embeddable":true,"href":"https:\/\/www.europesays.com\/pt\/wp-json\/wp\/v2\/users\/2"}],"replies":[{"embeddable":true,"href":"https:\/\/www.europesays.com\/pt\/wp-json\/wp\/v2\/comments?post=71959"}],"version-history":[{"count":0,"href":"https:\/\/www.europesays.com\/pt\/wp-json\/wp\/v2\/posts\/71959\/revisions"}],"wp:featuredmedia":[{"embeddable":true,"href":"https:\/\/www.europesays.com\/pt\/wp-json\/wp\/v2\/media\/71577"}],"wp:attachment":[{"href":"https:\/\/www.europesays.com\/pt\/wp-json\/wp\/v2\/media?parent=71959"}],"wp:term":[{"taxonomy":"category","embeddable":true,"href":"https:\/\/www.europesays.com\/pt\/wp-json\/wp\/v2\/categories?post=71959"},{"taxonomy":"post_tag","embeddable":true,"href":"https:\/\/www.europesays.com\/pt\/wp-json\/wp\/v2\/tags?post=71959"}],"curies":[{"name":"wp","href":"https:\/\/api.w.org\/{rel}","templated":true}]}}