{"id":71975,"date":"2025-09-15T07:25:23","date_gmt":"2025-09-15T07:25:23","guid":{"rendered":"https:\/\/www.europesays.com\/pt\/71975\/"},"modified":"2025-09-15T07:25:23","modified_gmt":"2025-09-15T07:25:23","slug":"fernanda-torres-esclarece-polemica-de-suposta-torcida-por-filme-no-oscar","status":"publish","type":"post","link":"https:\/\/www.europesays.com\/pt\/71975\/","title":{"rendered":"Fernanda Torres esclarece pol\u00eamica de suposta torcida por filme no Oscar"},"content":{"rendered":"\n<p class=\" content-text__container theme-color-primary-first-letter\" data-track-category=\"Link no Texto\" data-track-links=\"\"> A atriz e escritora <a class=\"\" href=\"https:\/\/oglobo.globo.com\/tudo-sobre\/personalidade\/fernanda-torres\" rel=\"nofollow noopener\" target=\"_blank\">Fernanda Torres<\/a> foi \u00e0s redes sociais esclarecer uma pol\u00eamica que foi criada com o seu nome. Ap\u00f3s uma publica\u00e7\u00e3o da atriz sobre o filme &#8220;Manas&#8221;, de Marianna Brennand, na \u00faltima semana, internautas com discursos inflamados come\u00e7aram a dizer que ela estaria torcendo para o filme ser o selecionado pela Academia Brasileira de Cinema para ser o poss\u00edvel representante do Brasil na categoria de &#8220;Melhor filme internacional&#8221; do pr\u00f3ximo <a class=\"\" href=\"https:\/\/oglobo.globo.com\/tudo-sobre\/premiacao\/oscar\/\" rel=\"nofollow noopener\" target=\"_blank\">Oscar<\/a>. &#8220;Manas&#8221; concorre com \u201cBaby\u201d, de Marcelo Caetano, \u201cKasa Branca\u201d, de Luciano Vidigal, &#8220;O agente secreto&#8221;, de <a class=\"\" href=\"https:\/\/oglobo.globo.com\/tudo-sobre\/personalidade\/kleber-mendonca-filho\/\" rel=\"nofollow noopener\" target=\"_blank\">Kleber Mendon\u00e7a Filho<\/a>, \u201cO \u00faltimo azul\u201d, de Gabriel Mascaro, e \u201cOeste outra vez\u201d, de Erico Rassi. O an\u00fancio da Academia ser\u00e1 feito nesta segunda-feira (15). <\/p>\n<ul class=\"content-unordered-list\">\n<li><strong>An\u00e1lise: <\/strong><a class=\"\" href=\"https:\/\/oglobo.globo.com\/cultura\/noticia\/2025\/09\/10\/analise-por-que-o-agente-secreto-e-a-melhor-escolha-para-representar-o-brasil-no-oscar-2026.ghtml\" rel=\"nofollow noopener\" target=\"_blank\">Por que &#8216;O agente secreto&#8217; \u00e9 a melhor escolha para representar o Brasil no Oscar 2026<\/a><\/li>\n<li><strong>Quem vai ganhar o Emmy 2025?<\/strong> <a class=\"\" href=\"https:\/\/oglobo.globo.com\/cultura\/noticia\/2025\/09\/14\/quem-vai-ganhar-o-emmy-2025-veja-as-apostas-da-variety-para-os-vencedores.ghtml\" rel=\"nofollow noopener\" target=\"_blank\">Veja as apostas da Variety para os vencedores<\/a><\/li>\n<\/ul>\n<p class=\" content-text__container \" data-track-category=\"Link no Texto\" data-track-links=\"\"> &#8220;Eu estou muito feliz com a Safra de filmes desse ano no Brasil. O cinema Brasileiro renasce como uma f\u00eanix&#8221;, escreveu a atriz na legenda do v\u00eddeo em que desmente poss\u00edveis torcidas, mas diz acreditar que &#8220;O agente secreto&#8221;, deve ser o escolhido pela Academia. <strong>Veja:<\/strong> <\/p>\n<p class=\" content-text__container \" data-track-category=\"Link no Texto\" data-track-links=\"\"> \u2014 Fui j\u00fari no Festival de Veneza e fiquei impressionada como a escolha de um filme para uma premia\u00e7\u00e3o envolve prefer\u00eancias culturais. Tive a sorte de ter pego um j\u00fari civilizad\u00edssimo. Fomos capazes de conversar sobre nossas diferen\u00e7as e chegar a um acordo, cada um cedendo um pouco, atpe chegarmos a um senso comum. Fiz um post falando da minha alegria por ver que o Manas foi abra\u00e7ado pelo Sean Penn. Ele tamb\u00e9m foi o primeiro cara a apoiar o &#8220;Ainda Estou Aqui&#8221; nos Estados Unidos \u2014 disse Fernanda. <\/p>\n<p class=\" content-text__container \" data-track-category=\"Link no Texto\" data-track-links=\"\"> Para a atriz, &#8220;a gente s\u00f3 tem a comemorar&#8221; com a nova safra de filmes brasileiros. Neste momento, ela tamb\u00e9m chegou a citar &#8220;Homem com H&#8221;, cinebiografia de Ney Matogrosso protagonizada por Jesu\u00edta Barbosa que n\u00e3o figura na lista de poss\u00edveis indicados ao Oscar. <\/p>\n<p class=\" content-text__container \" data-track-category=\"Link no Texto\" data-track-links=\"\"> \u2014 Eu, pessoalmente, acho que o Kleber Mendon\u00e7a e o Wagner Moura est\u00e3o na plenitude. O Agente Secreto levou dois pr\u00eamios important\u00edssimos em Cannes e est\u00e1 em todas as bolsas de apostas. N\u00e3o tenho d\u00favida que se O Agente Secreto for escolhido, ele vai puxar todos os nossos outros filmes. Meu post sobre o Manas n\u00e3o era uma campanha. A escolha de um filme n\u00e3o quer dizer que o outro foi rejeitado. \u00c9 minha opini\u00e3ozinha pessoal. Desculpe qualquer mal-entendido. Sou a favor de todos e acho de O Agente Secreto vai ser o escolhido \u2014 concluiu a atriz. <\/p>\n","protected":false},"excerpt":{"rendered":"A atriz e escritora Fernanda Torres foi \u00e0s redes sociais esclarecer uma pol\u00eamica que foi criada com o&hellip;\n","protected":false},"author":2,"featured_media":71976,"comment_status":"","ping_status":"","sticky":false,"template":"","format":"standard","meta":{"footnotes":""},"categories":[145],"tags":[9859,1244,1710,211,210,114,115,1746,14252,2153,1204,9858,1409,32,33,12348],"class_list":{"0":"post-71975","1":"post","2":"type-post","3":"status-publish","4":"format-standard","5":"has-post-thumbnail","7":"category-celebridades","8":"tag-acontecera-dia-12-de-marco","9":"tag-ator","10":"tag-cantor","11":"tag-celebridades","12":"tag-celebrities","13":"tag-entertainment","14":"tag-entretenimento","15":"tag-fernanda-torres","16":"tag-jesuita-barbosa","17":"tag-kleber-mendonca-filho","18":"tag-ney-matogrosso","19":"tag-o-oscar-e-uma-premiacao-realizada-desde-1929-e-esta-na-sua-95-a-edicao-em-2023","20":"tag-oscar","21":"tag-portugal","22":"tag-pt","23":"tag-wagner-moura"},"share_on_mastodon":{"url":"","error":""},"_links":{"self":[{"href":"https:\/\/www.europesays.com\/pt\/wp-json\/wp\/v2\/posts\/71975","targetHints":{"allow":["GET"]}}],"collection":[{"href":"https:\/\/www.europesays.com\/pt\/wp-json\/wp\/v2\/posts"}],"about":[{"href":"https:\/\/www.europesays.com\/pt\/wp-json\/wp\/v2\/types\/post"}],"author":[{"embeddable":true,"href":"https:\/\/www.europesays.com\/pt\/wp-json\/wp\/v2\/users\/2"}],"replies":[{"embeddable":true,"href":"https:\/\/www.europesays.com\/pt\/wp-json\/wp\/v2\/comments?post=71975"}],"version-history":[{"count":0,"href":"https:\/\/www.europesays.com\/pt\/wp-json\/wp\/v2\/posts\/71975\/revisions"}],"wp:featuredmedia":[{"embeddable":true,"href":"https:\/\/www.europesays.com\/pt\/wp-json\/wp\/v2\/media\/71976"}],"wp:attachment":[{"href":"https:\/\/www.europesays.com\/pt\/wp-json\/wp\/v2\/media?parent=71975"}],"wp:term":[{"taxonomy":"category","embeddable":true,"href":"https:\/\/www.europesays.com\/pt\/wp-json\/wp\/v2\/categories?post=71975"},{"taxonomy":"post_tag","embeddable":true,"href":"https:\/\/www.europesays.com\/pt\/wp-json\/wp\/v2\/tags?post=71975"}],"curies":[{"name":"wp","href":"https:\/\/api.w.org\/{rel}","templated":true}]}}